{"id":12333,"date":"2014-11-09T13:00:21","date_gmt":"2014-11-09T11:00:21","guid":{"rendered":"http:\/\/www.sana.sy\/es\/?p=12333"},"modified":"2014-11-09T20:48:54","modified_gmt":"2014-11-09T18:48:54","slug":"comite-de-presupuestos-y-cuentas-debate-el-plan-de-inversion-del-ministerio-de-viviendas-y-desarrollo-urbano","status":"publish","type":"post","link":"https:\/\/archive.sana.sy\/es\/?p=12333","title":{"rendered":"Comit\u00e9 de Presupuestos y Cuentas debate el plan de inversi\u00f3n de los Ministerios de Viviendas y Desarrollo Urbano, Informacion y Transporte"},"content":{"rendered":"<p>Damasco, SANA<\/p>\n<p>Los miembros del Comit\u00e9 de Presupuestos y Cuentas en la Asamblea del Pueblo debatieron este domingo el plan de inversi\u00f3n del Ministerio de Viviendas y Desarrollo Urbano para el a\u00f1o 2015, el cual se estima en dos mil 993 millones y 200 mil libras sirias.<\/p>\n<p>El Ministro de Viviendas y Desarrollo Urbano, Mohamad Walid Ghazal se\u00f1al\u00f3 que su ministerio trabajar\u00e1 para rehabilitar y organizar las \u00e1reas residenciales irregulares, aclarando que el hecho de no tratar este asunto hizo que el n\u00famero de estas \u00e1reas se elevara a 157 en toda Siria, y que son habitadas por cerca de dos millones personas.<\/p>\n<p><span style=\"color: #0000ff\">Comit\u00e9 de Presupuestos y Cuentas debate el plan de inversi\u00f3n del Ministerio de Informaci\u00f3n\u00a0<\/span><\/p>\n<p>Los miembros del Comit\u00e9 de Presupuestos y Cuentas en la Asamblea del Pueblo debatieron este domingo el plan de inversi\u00f3n del Ministerio de Informaci\u00f3n para el a\u00f1o 2015, el cual se estima en 4 mil millones y 257 millones de libras sirias.<\/p>\n<p>Durante la reuni\u00f3n, los miembros del Comit\u00e9 pidieron prestar apoyo financiero y moral a los medios de comunicaci\u00f3n nacionales y el personal que labora en los mismos para hacer frente a la guerra medi\u00e1tica librada contra Siria.<\/p>\n<p>Asimismo se\u00f1alaron la necesidad de poner en marcha nuevos canales v\u00eda sat\u00e9lite en varios idiomas para transmitir la realidad de lo que est\u00e1 pasando en el pa\u00eds.<\/p>\n<p>Por su parte, el ministro de Informaci\u00f3n Omran al-Zoubi afirm\u00f3 que los medios de comunicaci\u00f3n nacionales tanto privados como p\u00fablicos han sido capaces, a pesar de las limitadas capacidades y grandes desaf\u00edos, cumplir con sus deberes nacionales con alta responsabilidad y honestidad.<\/p>\n<p>Agreg\u00f3 que la crisis de Siria, ha demostrado que los medios de comunicaci\u00f3n sirios disfrutan de un gran n\u00famero de personal nacional, que se caracterizan por tener un alto esp\u00edritu de competencia y una gran experiencia profesional.<\/p>\n<p><span style=\"color: #0000ff\">Comit\u00e9 de Presupuestos y Cuentas debate el plan de inversi\u00f3n del Ministerio de Transporte<\/span><\/p>\n<p><span style=\"color: #000000\">En el mismo contexto, el Comit\u00e9 discuti\u00f3 el presupuesto del Ministerio de Transporte para el a\u00f1o 2015 el cual se estima en 12 mil millones, 443 millones y 500 mil libras sirias.<\/span><\/p>\n<p>El Ministro de Transporte Ghazwan Kheir Beik se\u00f1al\u00f3 las p\u00e9rdidas y da\u00f1os que sufri\u00f3 este sector a manos de las organizaciones terroristas armados, y agreg\u00f3 que el da\u00f1o se ha centrado en las carreteras p\u00fablicas, v\u00edas f\u00e9rreas y puente.<\/p>\n<p>Se refiri\u00f3 a los enormes retos y dificultades que enfrenta la aviaci\u00f3n civil debido a las injustas sanciones impuestas al pueblo sirio.<\/p>\n<p>Lynn A., Riyad Sh.-Yamil K.<\/p>\n","protected":false},"excerpt":{"rendered":"<p>Damasco, SANA Los miembros del Comit\u00e9 de Presupuestos y Cuentas en la Asamblea del Pueblo debatieron este domingo el plan de inversi\u00f3n del Ministerio de Viviendas y Desarrollo Urbano para el a\u00f1o 2015, el cual se estima en dos mil 993 millones y 200 mil libras sirias. El Ministro de Viviendas y Desarrollo Urbano, Mohamad &hellip;<\/p>\n","protected":false},"author":24,"featured_media":12334,"comment_status":"closed","ping_status":"closed","sticky":false,"template":"","format":"standard","meta":{"footnotes":""},"categories":[477,476],"tags":[2784],"class_list":["post-12333","post","type-post","status-publish","format-standard","has-post-thumbnail","","category-noticias-edulcorantes","category-locales","tag-comite-de-presupuestos-y-cuentas-debate-el-plan-de-inversion-del-ministerio-de-viviendas-y-desarrollo-urbano"],"_links":{"self":[{"href":"https:\/\/archive.sana.sy\/es\/index.php?rest_route=\/wp\/v2\/posts\/12333"}],"collection":[{"href":"https:\/\/archive.sana.sy\/es\/index.php?rest_route=\/wp\/v2\/posts"}],"about":[{"href":"https:\/\/archive.sana.sy\/es\/index.php?rest_route=\/wp\/v2\/types\/post"}],"author":[{"embeddable":true,"href":"https:\/\/archive.sana.sy\/es\/index.php?rest_route=\/wp\/v2\/users\/24"}],"replies":[{"embeddable":true,"href":"https:\/\/archive.sana.sy\/es\/index.php?rest_route=%2Fwp%2Fv2%2Fcomments&post=12333"}],"version-history":[{"count":0,"href":"https:\/\/archive.sana.sy\/es\/index.php?rest_route=\/wp\/v2\/posts\/12333\/revisions"}],"wp:featuredmedia":[{"embeddable":true,"href":"https:\/\/archive.sana.sy\/es\/index.php?rest_route=\/wp\/v2\/media\/12334"}],"wp:attachment":[{"href":"https:\/\/archive.sana.sy\/es\/index.php?rest_route=%2Fwp%2Fv2%2Fmedia&parent=12333"}],"wp:term":[{"taxonomy":"category","embeddable":true,"href":"https:\/\/archive.sana.sy\/es\/index.php?rest_route=%2Fwp%2Fv2%2Fcategories&post=12333"},{"taxonomy":"post_tag","embeddable":true,"href":"https:\/\/archive.sana.sy\/es\/index.php?rest_route=%2Fwp%2Fv2%2Ftags&post=12333"}],"curies":[{"name":"wp","href":"https:\/\/api.w.org\/{rel}","templated":true}]}}