{"id":123512,"date":"2019-12-12T06:13:17","date_gmt":"2019-12-12T04:13:17","guid":{"rendered":"http:\/\/sana.sy\/es\/?p=123512"},"modified":"2023-01-10T15:15:30","modified_gmt":"2023-01-10T13:15:30","slug":"comite-economico-mixto-sirio-norcoreano-concluye-sus-labores-con-a-la-firma-de-varios-acuerdos","status":"publish","type":"post","link":"https:\/\/archive.sana.sy\/es\/?p=123512","title":{"rendered":"Siria y RPDC firman acuerdos y protocolos para la cooperaci\u00f3n en diferentes sectores"},"content":{"rendered":"<p style=\"text-align: justify;\"><strong><span style=\"color: #800000;\">Damasco, SANA<\/span><\/strong><\/p>\n<p style=\"text-align: justify;\">Con la firma de un protocolo de cooperaci\u00f3n econ\u00f3mica, cient\u00edfica, t\u00e9cnica y comercial, la Comisi\u00f3n Mixta Sirio-norcoreana para la Cooperaci\u00f3n Econ\u00f3mica culmin\u00f3 las reuniones de su und\u00e9cimo per\u00edodo que se celebr\u00f3 en la capital Damasco.<\/p>\n<p style=\"text-align: justify;\">El protocolo fue rubricado por el Ministro de Hacienda sirio, Mamoun Hamdan, y el Ministro de Econom\u00eda Exterior de la RPDC.<\/p>\n<p style=\"text-align: justify;\">Ambas partes firmaron adem\u00e1s un acuerdo de cooperaci\u00f3n en el campo del trabajo, el empleo y la atenci\u00f3n social, as\u00ed como un memorando de entendimiento en materia de la riqueza pesquera, y un programa ejecutivo para la cooperaci\u00f3n en el campo de educaci\u00f3n superior para los a\u00f1os 2020,2021,2022.<\/p>\n<p style=\"text-align: justify;\">La Comisi\u00f3n Mixta Sirio-norcoreana para la Cooperaci\u00f3n Econ\u00f3mica comenz\u00f3 sus reuniones el s\u00e1bado \u00faltimo en Damasco con el objetivo de impulsar la cooperaci\u00f3n entre Siria y RPDC en las diferentes \u00e1reas.<\/p>\n<p style=\"text-align: justify;\"><span style=\"color: #0000ff;\">L.A\/F.M<\/span><\/p>\n<div id='gallery-1' class='gallery galleryid-123512 gallery-columns-2 gallery-size-medium'><figure class='gallery-item'>\n\t\t\t<div class='gallery-icon landscape'>\n\t\t\t\t<a href='https:\/\/archive.sana.sy\/es\/wp-content\/uploads\/2019\/12\/DSC_0580-scaled.jpg'><img loading=\"lazy\" decoding=\"async\" width=\"300\" height=\"200\" src=\"https:\/\/archive.sana.sy\/es\/wp-content\/uploads\/2019\/12\/DSC_0580-300x200.jpg\" class=\"attachment-medium size-medium\" alt=\"\" srcset=\"https:\/\/archive.sana.sy\/es\/wp-content\/uploads\/2019\/12\/DSC_0580-300x200.jpg 300w, https:\/\/archive.sana.sy\/es\/wp-content\/uploads\/2019\/12\/DSC_0580-1024x682.jpg 1024w, https:\/\/archive.sana.sy\/es\/wp-content\/uploads\/2019\/12\/DSC_0580-150x100.jpg 150w, https:\/\/archive.sana.sy\/es\/wp-content\/uploads\/2019\/12\/DSC_0580-768x511.jpg 768w, https:\/\/archive.sana.sy\/es\/wp-content\/uploads\/2019\/12\/DSC_0580-1536x1022.jpg 1536w, https:\/\/archive.sana.sy\/es\/wp-content\/uploads\/2019\/12\/DSC_0580-2048x1363.jpg 2048w\" sizes=\"(max-width: 300px) 100vw, 300px\" \/><\/a>\n\t\t\t<\/div><\/figure><figure class='gallery-item'>\n\t\t\t<div class='gallery-icon landscape'>\n\t\t\t\t<a href='https:\/\/archive.sana.sy\/es\/wp-content\/uploads\/2019\/12\/DSC_0609-scaled.jpg'><img loading=\"lazy\" decoding=\"async\" width=\"300\" height=\"200\" src=\"https:\/\/archive.sana.sy\/es\/wp-content\/uploads\/2019\/12\/DSC_0609-300x200.jpg\" class=\"attachment-medium size-medium\" alt=\"\" srcset=\"https:\/\/archive.sana.sy\/es\/wp-content\/uploads\/2019\/12\/DSC_0609-300x200.jpg 300w, https:\/\/archive.sana.sy\/es\/wp-content\/uploads\/2019\/12\/DSC_0609-1024x681.jpg 1024w, https:\/\/archive.sana.sy\/es\/wp-content\/uploads\/2019\/12\/DSC_0609-150x100.jpg 150w, https:\/\/archive.sana.sy\/es\/wp-content\/uploads\/2019\/12\/DSC_0609-768x511.jpg 768w, https:\/\/archive.sana.sy\/es\/wp-content\/uploads\/2019\/12\/DSC_0609-1536x1022.jpg 1536w, https:\/\/archive.sana.sy\/es\/wp-content\/uploads\/2019\/12\/DSC_0609-2048x1362.jpg 2048w\" sizes=\"(max-width: 300px) 100vw, 300px\" \/><\/a>\n\t\t\t<\/div><\/figure><figure class='gallery-item'>\n\t\t\t<div class='gallery-icon landscape'>\n\t\t\t\t<a href='https:\/\/archive.sana.sy\/es\/wp-content\/uploads\/2019\/12\/DSC_0599-scaled.jpg'><img loading=\"lazy\" decoding=\"async\" width=\"300\" height=\"200\" src=\"https:\/\/archive.sana.sy\/es\/wp-content\/uploads\/2019\/12\/DSC_0599-300x200.jpg\" class=\"attachment-medium size-medium\" alt=\"\" srcset=\"https:\/\/archive.sana.sy\/es\/wp-content\/uploads\/2019\/12\/DSC_0599-300x200.jpg 300w, https:\/\/archive.sana.sy\/es\/wp-content\/uploads\/2019\/12\/DSC_0599-1024x682.jpg 1024w, https:\/\/archive.sana.sy\/es\/wp-content\/uploads\/2019\/12\/DSC_0599-150x100.jpg 150w, https:\/\/archive.sana.sy\/es\/wp-content\/uploads\/2019\/12\/DSC_0599-768x511.jpg 768w, https:\/\/archive.sana.sy\/es\/wp-content\/uploads\/2019\/12\/DSC_0599-1536x1023.jpg 1536w, https:\/\/archive.sana.sy\/es\/wp-content\/uploads\/2019\/12\/DSC_0599-2048x1364.jpg 2048w\" sizes=\"(max-width: 300px) 100vw, 300px\" \/><\/a>\n\t\t\t<\/div><\/figure><figure class='gallery-item'>\n\t\t\t<div class='gallery-icon landscape'>\n\t\t\t\t<a href='https:\/\/archive.sana.sy\/es\/wp-content\/uploads\/2019\/12\/DSC_0583-scaled.jpg'><img loading=\"lazy\" decoding=\"async\" width=\"300\" height=\"200\" src=\"https:\/\/archive.sana.sy\/es\/wp-content\/uploads\/2019\/12\/DSC_0583-300x200.jpg\" class=\"attachment-medium size-medium\" alt=\"\" srcset=\"https:\/\/archive.sana.sy\/es\/wp-content\/uploads\/2019\/12\/DSC_0583-300x200.jpg 300w, https:\/\/archive.sana.sy\/es\/wp-content\/uploads\/2019\/12\/DSC_0583-1024x682.jpg 1024w, https:\/\/archive.sana.sy\/es\/wp-content\/uploads\/2019\/12\/DSC_0583-150x100.jpg 150w, https:\/\/archive.sana.sy\/es\/wp-content\/uploads\/2019\/12\/DSC_0583-768x511.jpg 768w, https:\/\/archive.sana.sy\/es\/wp-content\/uploads\/2019\/12\/DSC_0583-1536x1022.jpg 1536w, https:\/\/archive.sana.sy\/es\/wp-content\/uploads\/2019\/12\/DSC_0583-2048x1363.jpg 2048w\" sizes=\"(max-width: 300px) 100vw, 300px\" \/><\/a>\n\t\t\t<\/div><\/figure>\n\t\t<\/div>\n\n<p style=\"text-align: justify;\">L.A.<\/p>\n","protected":false},"excerpt":{"rendered":"<p>Damasco, SANA Con la firma de un protocolo de cooperaci\u00f3n econ\u00f3mica, cient\u00edfica, t\u00e9cnica y comercial, la Comisi\u00f3n Mixta Sirio-norcoreana para la Cooperaci\u00f3n Econ\u00f3mica culmin\u00f3 las reuniones de su und\u00e9cimo per\u00edodo que se celebr\u00f3 en la capital Damasco. El protocolo fue rubricado por el Ministro de Hacienda sirio, Mamoun Hamdan, y el Ministro de Econom\u00eda Exterior &hellip;<\/p>\n","protected":false},"author":24,"featured_media":123516,"comment_status":"closed","ping_status":"closed","sticky":false,"template":"","format":"standard","meta":{"footnotes":""},"categories":[477,597,16686,485,476,7541],"tags":[],"class_list":["post-123512","post","type-post","status-publish","format-standard","has-post-thumbnail","","category-noticias-edulcorantes","category-cinta-de-noticias","category-economia","category-informes-negocios-y-finanzas","category-locales","category-ultimas-noticias"],"_links":{"self":[{"href":"https:\/\/archive.sana.sy\/es\/index.php?rest_route=\/wp\/v2\/posts\/123512"}],"collection":[{"href":"https:\/\/archive.sana.sy\/es\/index.php?rest_route=\/wp\/v2\/posts"}],"about":[{"href":"https:\/\/archive.sana.sy\/es\/index.php?rest_route=\/wp\/v2\/types\/post"}],"author":[{"embeddable":true,"href":"https:\/\/archive.sana.sy\/es\/index.php?rest_route=\/wp\/v2\/users\/24"}],"replies":[{"embeddable":true,"href":"https:\/\/archive.sana.sy\/es\/index.php?rest_route=%2Fwp%2Fv2%2Fcomments&post=123512"}],"version-history":[{"count":0,"href":"https:\/\/archive.sana.sy\/es\/index.php?rest_route=\/wp\/v2\/posts\/123512\/revisions"}],"wp:featuredmedia":[{"embeddable":true,"href":"https:\/\/archive.sana.sy\/es\/index.php?rest_route=\/wp\/v2\/media\/123516"}],"wp:attachment":[{"href":"https:\/\/archive.sana.sy\/es\/index.php?rest_route=%2Fwp%2Fv2%2Fmedia&parent=123512"}],"wp:term":[{"taxonomy":"category","embeddable":true,"href":"https:\/\/archive.sana.sy\/es\/index.php?rest_route=%2Fwp%2Fv2%2Fcategories&post=123512"},{"taxonomy":"post_tag","embeddable":true,"href":"https:\/\/archive.sana.sy\/es\/index.php?rest_route=%2Fwp%2Fv2%2Ftags&post=123512"}],"curies":[{"name":"wp","href":"https:\/\/api.w.org\/{rel}","templated":true}]}}