{"id":12380,"date":"2014-11-10T20:26:09","date_gmt":"2014-11-10T18:26:09","guid":{"rendered":"http:\/\/www.sana.sy\/es\/?p=12380"},"modified":"2023-01-09T14:10:27","modified_gmt":"2023-01-09T12:10:27","slug":"el-gobernador-de-home-se-reune-con-di-mistura","status":"publish","type":"post","link":"https:\/\/archive.sana.sy\/es\/?p=12380","title":{"rendered":"El Gobernador de Home se re\u00fane con De Mistura"},"content":{"rendered":"<p>Homs-SANA<\/p>\n<p>El Gobernador de Hos Talal Barazi se reuni\u00f3 con el enviado especial de la ONU a Siria Staffan De Mistura.<\/p>\n<p>Durante el encuentro Barazi se\u00f1al\u00f3 el inter\u00e9s de la gobernaci\u00f3n en alentar cualquier esfuerzo encaminado a lograr las conciliaciones nacionales y proteger a los ciudadanos de cualquier enfrentamiento militar.<\/p>\n<p>Asimismo hizo una presentaci\u00f3n sobre la realidad de la provincia de Homs y se\u00f1al\u00f3 los esfuerzos realizados por la gobernaci\u00f3n en materia de hacer llegar las ayudas humanitarias y de garantizar los servicios b\u00e1sicos, como el agua y la electricidad, a todas las zonas inseguras, agregando que dichos esfuerzos se realizan en cooperaci\u00f3n con la media luna roja siria y las organizaciones internacionales interesadas en asuntos de socorro, adem\u00e1s de asegurar los libros escolares y los requisitos del proceso educativo a las escuelas y alumnos.<\/p>\n<p>De igual modo el gobernador de Homs inform\u00f3 a De Mistura sobre la existencia de 16 centros de residencia temporal en el barrio de Waer que albergan a m\u00e1s de 2000 trabajadores del estado, as\u00ed como hizo referencia a un acuerdo en el barrio de Waer que ha sido favorable pero no se tradujo a\u00fan.<\/p>\n<p>Se\u00f1al\u00f3 los repetidos ataques de las organizaciones terroristas contra la ciudad de Homs y contra los ciudadanos inocentes, sobre todo contra los ni\u00f1os.<\/p>\n<p>A su vez De Mistura se\u00f1al\u00f3 que cada regi\u00f3n de Siria goza de peculiaridades, seg\u00fan fue informado por el gobierno sirio, por tanto \u00a8hay que trabajar con cada regi\u00f3n seg\u00fan sus particularidades pero existe un enfoque com\u00fan para todas las regiones\u00a8, llamando a examinar cualquier oportunidad disponible para disminuir la violencia.<\/p>\n<p>\u00a8Los sirios han sufrido lo suficiente y ellos desean una vida normal\u00a8, dijo Di Mistura tras encontrarse con varios ciudadanos durante su gira.<\/p>\n<p>A continuaci\u00f3n el enviado especial de la ONU efectu\u00f3 una visita a la Iglesia Am Zanar situada en el barrio de Hamidieh en el casco viejo de la ciudad de Homs y a la mezquita de Khaled Bin Walid y el Hotel Safir.<\/p>\n<p>En declaraci\u00f3n a la prensa De Mistura dijo: \u00a8Creemos que la soluci\u00f3n en Siria es pol\u00edtica y por medios pac\u00edficos y no mediante las acciones militares\u00a8.<\/p>\n<p>Yamil K.<\/p>\n","protected":false},"excerpt":{"rendered":"<p>Homs-SANA El Gobernador de Hos Talal Barazi se reuni\u00f3 con el enviado especial de la ONU a Siria Staffan De Mistura. Durante el encuentro Barazi se\u00f1al\u00f3 el inter\u00e9s de la gobernaci\u00f3n en alentar cualquier esfuerzo encaminado a lograr las conciliaciones nacionales y proteger a los ciudadanos de cualquier enfrentamiento militar. Asimismo hizo una presentaci\u00f3n sobre &hellip;<\/p>\n","protected":false},"author":1,"featured_media":12381,"comment_status":"closed","ping_status":"closed","sticky":false,"template":"","format":"standard","meta":{"footnotes":""},"categories":[476,576],"tags":[],"class_list":["post-12380","post","type-post","status-publish","format-standard","has-post-thumbnail","","category-locales","category-noticias-politicas"],"_links":{"self":[{"href":"https:\/\/archive.sana.sy\/es\/index.php?rest_route=\/wp\/v2\/posts\/12380"}],"collection":[{"href":"https:\/\/archive.sana.sy\/es\/index.php?rest_route=\/wp\/v2\/posts"}],"about":[{"href":"https:\/\/archive.sana.sy\/es\/index.php?rest_route=\/wp\/v2\/types\/post"}],"author":[{"embeddable":true,"href":"https:\/\/archive.sana.sy\/es\/index.php?rest_route=\/wp\/v2\/users\/1"}],"replies":[{"embeddable":true,"href":"https:\/\/archive.sana.sy\/es\/index.php?rest_route=%2Fwp%2Fv2%2Fcomments&post=12380"}],"version-history":[{"count":0,"href":"https:\/\/archive.sana.sy\/es\/index.php?rest_route=\/wp\/v2\/posts\/12380\/revisions"}],"wp:featuredmedia":[{"embeddable":true,"href":"https:\/\/archive.sana.sy\/es\/index.php?rest_route=\/wp\/v2\/media\/12381"}],"wp:attachment":[{"href":"https:\/\/archive.sana.sy\/es\/index.php?rest_route=%2Fwp%2Fv2%2Fmedia&parent=12380"}],"wp:term":[{"taxonomy":"category","embeddable":true,"href":"https:\/\/archive.sana.sy\/es\/index.php?rest_route=%2Fwp%2Fv2%2Fcategories&post=12380"},{"taxonomy":"post_tag","embeddable":true,"href":"https:\/\/archive.sana.sy\/es\/index.php?rest_route=%2Fwp%2Fv2%2Ftags&post=12380"}],"curies":[{"name":"wp","href":"https:\/\/api.w.org\/{rel}","templated":true}]}}