{"id":12386,"date":"2014-11-10T20:30:07","date_gmt":"2014-11-10T18:30:07","guid":{"rendered":"http:\/\/www.sana.sy\/es\/?p=12386"},"modified":"2014-11-10T21:11:11","modified_gmt":"2014-11-10T19:11:11","slug":"ceremonia-de-despedida-al-embajador-de-indonesia-en-damasco","status":"publish","type":"post","link":"https:\/\/archive.sana.sy\/es\/?p=12386","title":{"rendered":"Ceremonia de despedida del Embajador de Indonesia en Damasco"},"content":{"rendered":"<p>Damasco-SANA<\/p>\n<p>El Ministerio de Exteriores y Expatriados el lunes celebr\u00f3 una ceremonia de despedida del\u00a0Embajador de Indonesia en Damasco Wahib Abdul Jawad con motivo de la finalizaci\u00f3n de su misi\u00f3n como embajador extraordinario y plenipotenciario en Siria.<\/p>\n<p>Durante la ceremonia el ministro Adjunto de Exteriores y Expatriados Fayal Mikdad entreg\u00f3 a Abdul Jawad un escudo conmemorativo.<\/p>\n<p>El vice canciller subray\u00f3 los esfuerzos realizados por el embajador para elevar las relaciones bilaterales, especialmente durante estos tiempos dif\u00edciles en los que atraviesa el pa\u00eds.<\/p>\n<p>Mikdad afirm\u00f3 que estas relaciones son fuertes y ser\u00e1 un ejemplo a seguir para las relaciones entre los pueblos y Estados, afirmando que Siria saldr\u00e1 de la crisis m\u00e1s fuerte que antes.<br \/>\nPor su parte, Abdul Jawad agradeci\u00f3 al liderazgo y al pueblo de Siria y expres\u00f3 la esperanza de que Siria se recupere tan pronto como sea posible.<\/p>\n<p>Yamil K.<\/p>\n","protected":false},"excerpt":{"rendered":"<p>Damasco-SANA El Ministerio de Exteriores y Expatriados el lunes celebr\u00f3 una ceremonia de despedida del\u00a0Embajador de Indonesia en Damasco Wahib Abdul Jawad con motivo de la finalizaci\u00f3n de su misi\u00f3n como embajador extraordinario y plenipotenciario en Siria. Durante la ceremonia el ministro Adjunto de Exteriores y Expatriados Fayal Mikdad entreg\u00f3 a Abdul Jawad un escudo &hellip;<\/p>\n","protected":false},"author":1,"featured_media":12387,"comment_status":"closed","ping_status":"closed","sticky":false,"template":"","format":"standard","meta":{"footnotes":""},"categories":[477,476,576],"tags":[],"class_list":["post-12386","post","type-post","status-publish","format-standard","has-post-thumbnail","","category-noticias-edulcorantes","category-locales","category-noticias-politicas"],"_links":{"self":[{"href":"https:\/\/archive.sana.sy\/es\/index.php?rest_route=\/wp\/v2\/posts\/12386"}],"collection":[{"href":"https:\/\/archive.sana.sy\/es\/index.php?rest_route=\/wp\/v2\/posts"}],"about":[{"href":"https:\/\/archive.sana.sy\/es\/index.php?rest_route=\/wp\/v2\/types\/post"}],"author":[{"embeddable":true,"href":"https:\/\/archive.sana.sy\/es\/index.php?rest_route=\/wp\/v2\/users\/1"}],"replies":[{"embeddable":true,"href":"https:\/\/archive.sana.sy\/es\/index.php?rest_route=%2Fwp%2Fv2%2Fcomments&post=12386"}],"version-history":[{"count":0,"href":"https:\/\/archive.sana.sy\/es\/index.php?rest_route=\/wp\/v2\/posts\/12386\/revisions"}],"wp:featuredmedia":[{"embeddable":true,"href":"https:\/\/archive.sana.sy\/es\/index.php?rest_route=\/wp\/v2\/media\/12387"}],"wp:attachment":[{"href":"https:\/\/archive.sana.sy\/es\/index.php?rest_route=%2Fwp%2Fv2%2Fmedia&parent=12386"}],"wp:term":[{"taxonomy":"category","embeddable":true,"href":"https:\/\/archive.sana.sy\/es\/index.php?rest_route=%2Fwp%2Fv2%2Fcategories&post=12386"},{"taxonomy":"post_tag","embeddable":true,"href":"https:\/\/archive.sana.sy\/es\/index.php?rest_route=%2Fwp%2Fv2%2Ftags&post=12386"}],"curies":[{"name":"wp","href":"https:\/\/api.w.org\/{rel}","templated":true}]}}