{"id":123921,"date":"2019-12-15T12:43:11","date_gmt":"2019-12-15T10:43:11","guid":{"rendered":"http:\/\/sana.sy\/es\/?p=123921"},"modified":"2019-12-15T12:43:11","modified_gmt":"2019-12-15T10:43:11","slug":"cumbre-del-alba-en-cuba-condena-politica-agresiva-de-la-administracion-estadounidense","status":"publish","type":"post","link":"https:\/\/archive.sana.sy\/es\/?p=123921","title":{"rendered":"Cumbre del ALBA en Cuba condena pol\u00edtica agresiva de la administraci\u00f3n estadounidense"},"content":{"rendered":"<p style=\"text-align: justify;\"><span style=\"color: #800000;\">La Habana, SANA<\/span><\/p>\n<p style=\"text-align: justify;\">La Declaraci\u00f3n de la XVII Cumbre de la Alianza Bolivariana para los Pueblos de Nuestra Am\u00e9rica-Tratado de Comercio de los Pueblos- (ALBA-TCP) conden\u00f3 la pol\u00edtica agresiva e intervencionista de la administraci\u00f3n estadounidense hacia otros pa\u00edses, y la consider\u00f3 como la principal causante de la inestabilidad.<\/p>\n<p style=\"text-align: justify;\">Asimismo, la Declaraci\u00f3n denunci\u00f3 que la asonada golpista contra Evo Morales es Bolivia es &#8216;una expresi\u00f3n clara de la estrategia imperialista de Washington en el hemisferio occidental&#8217;.<\/p>\n<p style=\"text-align: justify;\">Los asistentes a la cita en La Habana, seg\u00fan divulg\u00f3 la agencia Prensa latina, apuntaron que no hay dudas de la complicidad de la oligarqu\u00eda boliviana en la interrupci\u00f3n de la institucionalidad democr\u00e1tica en ese pa\u00eds y el apoyo complaciente de otras oligarqu\u00edas de la regi\u00f3n.<\/p>\n<p style=\"text-align: justify;\">En otro momento, el ALBA-TCP repudi\u00f3 tambi\u00e9n las amenazas de uso de la fuerza por parte de Estados Unidos contra Venezuela y el sostenimiento y ampliaci\u00f3n de medidas coercitivas unilaterales contra su pueblo.<\/p>\n<p style=\"text-align: justify;\">Denunciaron asimismo las amenazas y los reiterados intentos desestabilizadores contra la presidencia de Ortega en Nicaragua.<\/p>\n<p style=\"text-align: justify;\">La XVII Cumbre del ALBA-TCP estuvo presidida por los mandatarios de Cuba, Miguel D\u00edaz-Canel; Venezuela, Nicol\u00e1s Maduro; y Nicaragua, Daniel Ortega, junto a otros representantes pol\u00edticos e invitados.<\/p>\n<p style=\"text-align: justify;\">En el encuentro se debati\u00f3 el papel del ALBA-TCP en la actual situaci\u00f3n regional marcada por el golpe de Estado en Bolivia contra el presidente Evo Morales, movilizaciones populares antineoliberales en Chile y Colombia, y el aumento de la hostilidad de Estados Unidos contra Cuba.<\/p>\n<p style=\"text-align: justify;\">Cuba, Venezuela, Nicaragua, San Vicente y las Granadinas, Dominica, Granada, Antigua y Barbuda, San Crist\u00f3bal y Nieves, Surinam y Santa Luc\u00eda conforman el ALBA-TCP, cuyo secretario ejecutivo es el excanciller boliviano David Choquehuanca.<\/p>\n<p><span style=\"color: #0000ff;\">F.M\/ E.D<\/span><\/p>\n","protected":false},"excerpt":{"rendered":"<p>La Habana, SANA La Declaraci\u00f3n de la XVII Cumbre de la Alianza Bolivariana para los Pueblos de Nuestra Am\u00e9rica-Tratado de Comercio de los Pueblos- (ALBA-TCP) conden\u00f3 la pol\u00edtica agresiva e intervencionista de la administraci\u00f3n estadounidense hacia otros pa\u00edses, y la consider\u00f3 como la principal causante de la inestabilidad. Asimismo, la Declaraci\u00f3n denunci\u00f3 que la asonada &hellip;<\/p>\n","protected":false},"author":32,"featured_media":123922,"comment_status":"closed","ping_status":"closed","sticky":false,"template":"","format":"standard","meta":{"footnotes":""},"categories":[597,456,7541],"tags":[17192],"class_list":["post-123921","post","type-post","status-publish","format-standard","has-post-thumbnail","","category-cinta-de-noticias","category-arabe-internacional-politica","category-ultimas-noticias","tag-cumbre-del-alba-en-cuba-condena-politica-agresiva-de-la-administracion-estadounidense"],"_links":{"self":[{"href":"https:\/\/archive.sana.sy\/es\/index.php?rest_route=\/wp\/v2\/posts\/123921"}],"collection":[{"href":"https:\/\/archive.sana.sy\/es\/index.php?rest_route=\/wp\/v2\/posts"}],"about":[{"href":"https:\/\/archive.sana.sy\/es\/index.php?rest_route=\/wp\/v2\/types\/post"}],"author":[{"embeddable":true,"href":"https:\/\/archive.sana.sy\/es\/index.php?rest_route=\/wp\/v2\/users\/32"}],"replies":[{"embeddable":true,"href":"https:\/\/archive.sana.sy\/es\/index.php?rest_route=%2Fwp%2Fv2%2Fcomments&post=123921"}],"version-history":[{"count":0,"href":"https:\/\/archive.sana.sy\/es\/index.php?rest_route=\/wp\/v2\/posts\/123921\/revisions"}],"wp:featuredmedia":[{"embeddable":true,"href":"https:\/\/archive.sana.sy\/es\/index.php?rest_route=\/wp\/v2\/media\/123922"}],"wp:attachment":[{"href":"https:\/\/archive.sana.sy\/es\/index.php?rest_route=%2Fwp%2Fv2%2Fmedia&parent=123921"}],"wp:term":[{"taxonomy":"category","embeddable":true,"href":"https:\/\/archive.sana.sy\/es\/index.php?rest_route=%2Fwp%2Fv2%2Fcategories&post=123921"},{"taxonomy":"post_tag","embeddable":true,"href":"https:\/\/archive.sana.sy\/es\/index.php?rest_route=%2Fwp%2Fv2%2Ftags&post=123921"}],"curies":[{"name":"wp","href":"https:\/\/api.w.org\/{rel}","templated":true}]}}