{"id":123924,"date":"2019-12-15T13:06:37","date_gmt":"2019-12-15T11:06:37","guid":{"rendered":"http:\/\/sana.sy\/es\/?p=123924"},"modified":"2023-01-10T15:15:30","modified_gmt":"2023-01-10T13:15:30","slug":"dos-nuevos-pozos-de-gas-entran-en-produccion-con-capacidad-de-un-millon-de-metros-cubico-por-dia","status":"publish","type":"post","link":"https:\/\/archive.sana.sy\/es\/?p=123924","title":{"rendered":"Dos nuevos pozos de gas entran en producci\u00f3n con capacidad de un mill\u00f3n de metros c\u00fabico por d\u00eda"},"content":{"rendered":"<p style=\"text-align: justify;\"><span lang=\"ES-TRAD\" style=\"color: #800000;\">Damasco, SANA<\/span><\/p>\n<p style=\"text-align: justify;\"><span lang=\"ES-TRAD\">El Ministerio de Petr\u00f3leo y Recursos Minerales anunci\u00f3 la entrada en fase de producci\u00f3n de los dos pozos de gas (Sharifa II) y (Sharifa 104), lo que a\u00f1ade aproximadamente un mill\u00f3n de metros c\u00fabicos de gas por d\u00eda a la producci\u00f3n nacional del pa\u00eds.<\/span><\/p>\n<p style=\"text-align: justify;\"><span lang=\"ES-TRAD\">&#8220;Los cuadros del Ministerio completaron en un tiempo r\u00e9cord de 15 d\u00edas, las obras de conectar ambos pozos a la red nacional de gasoductos&#8221;, inform\u00f3 el ministerio en un comunicado.<\/span><\/p>\n<p style=\"text-align: justify;\"><span lang=\"ES-TRAD\">Agreg\u00f3 que los dos nuevos pozos contribuir\u00e1n a satisfacer la creciente demanda de gas y ayudar\u00e1n a la operaci\u00f3n de las centrales de energ\u00eda el\u00e9ctrica.<\/span><\/p>\n<p style=\"text-align: justify;\"><span lang=\"ES-TRAD\">El Ministerio esper\u00f3 que esta cantidad adicional de gas tenga un buen impacto en la realidad del suministro el\u00e9ctrico.<\/span><\/p>\n<p style=\"text-align: justify;\">F.M\/ E.D<\/p>\n","protected":false},"excerpt":{"rendered":"<p>Damasco, SANA El Ministerio de Petr\u00f3leo y Recursos Minerales anunci\u00f3 la entrada en fase de producci\u00f3n de los dos pozos de gas (Sharifa II) y (Sharifa 104), lo que a\u00f1ade aproximadamente un mill\u00f3n de metros c\u00fabicos de gas por d\u00eda a la producci\u00f3n nacional del pa\u00eds. &#8220;Los cuadros del Ministerio completaron en un tiempo r\u00e9cord &hellip;<\/p>\n","protected":false},"author":32,"featured_media":123925,"comment_status":"closed","ping_status":"closed","sticky":false,"template":"","format":"standard","meta":{"footnotes":""},"categories":[477,597,485,476,7541],"tags":[17193],"class_list":["post-123924","post","type-post","status-publish","format-standard","has-post-thumbnail","","category-noticias-edulcorantes","category-cinta-de-noticias","category-informes-negocios-y-finanzas","category-locales","category-ultimas-noticias","tag-dos-nuevos-pozos-de-gas-entran-en-produccion-con-capacidad-de-un-millon-de-metros-cubico-por-dia"],"_links":{"self":[{"href":"https:\/\/archive.sana.sy\/es\/index.php?rest_route=\/wp\/v2\/posts\/123924"}],"collection":[{"href":"https:\/\/archive.sana.sy\/es\/index.php?rest_route=\/wp\/v2\/posts"}],"about":[{"href":"https:\/\/archive.sana.sy\/es\/index.php?rest_route=\/wp\/v2\/types\/post"}],"author":[{"embeddable":true,"href":"https:\/\/archive.sana.sy\/es\/index.php?rest_route=\/wp\/v2\/users\/32"}],"replies":[{"embeddable":true,"href":"https:\/\/archive.sana.sy\/es\/index.php?rest_route=%2Fwp%2Fv2%2Fcomments&post=123924"}],"version-history":[{"count":0,"href":"https:\/\/archive.sana.sy\/es\/index.php?rest_route=\/wp\/v2\/posts\/123924\/revisions"}],"wp:featuredmedia":[{"embeddable":true,"href":"https:\/\/archive.sana.sy\/es\/index.php?rest_route=\/wp\/v2\/media\/123925"}],"wp:attachment":[{"href":"https:\/\/archive.sana.sy\/es\/index.php?rest_route=%2Fwp%2Fv2%2Fmedia&parent=123924"}],"wp:term":[{"taxonomy":"category","embeddable":true,"href":"https:\/\/archive.sana.sy\/es\/index.php?rest_route=%2Fwp%2Fv2%2Fcategories&post=123924"},{"taxonomy":"post_tag","embeddable":true,"href":"https:\/\/archive.sana.sy\/es\/index.php?rest_route=%2Fwp%2Fv2%2Ftags&post=123924"}],"curies":[{"name":"wp","href":"https:\/\/api.w.org\/{rel}","templated":true}]}}