{"id":124722,"date":"2019-12-22T06:43:39","date_gmt":"2019-12-22T04:43:39","guid":{"rendered":"http:\/\/sana.sy\/es\/?p=124722"},"modified":"2023-01-10T14:34:50","modified_gmt":"2023-01-10T12:34:50","slug":"celebraciones-en-alepo-por-las-fiestas-de-navidad-y-fin-de-ano-fotos","status":"publish","type":"post","link":"https:\/\/archive.sana.sy\/es\/?p=124722","title":{"rendered":"Celebraciones en Alepo por las fiestas de Navidad y Fin de A\u00f1o. (+ fotos)"},"content":{"rendered":"<p style=\"text-align: justify;\"><span style=\"color: #800000;\"><strong>Alepo, SANA <\/strong><\/span><\/p>\n<p style=\"text-align: justify;\">En la plaza del vecindario Azizieh de la ciudad norte\u00f1a de Alepo, se encendieron las luces de un gigante \u00c1rbol de Navidad en una ceremonia organizada por la Asociaci\u00f3n Cultural Kelikia.<\/p>\n<p style=\"text-align: justify;\">El coro de la aludida asociaci\u00f3n interpret\u00f3 canciones de Navidad y otras patri\u00f3ticas, en medio de una notable presencia de interesados y gente que a\u00f1oran estas celebraciones de amor y alegr\u00eda.<\/p>\n<p style=\"text-align: justify;\">La m\u00e1xima autoridad de la comunidad de protestantes armenios en Siria, el reverendo Harutyun Selimian, consider\u00f3 que esta celebraci\u00f3n por la Navidad es un s\u00edmbolo de que Siria est\u00e1 viviendo una nueva resurrecci\u00f3n y adem\u00e1s refleja las alegr\u00edas por completar las victorias sobre los enemigos.<\/p>\n<p style=\"text-align: justify;\">A su vez, el arzobispo maronita de Alepo, Youssef Tobji, or\u00f3 para que la paz reine en todas partes de Siria.<\/p>\n<p style=\"text-align: justify;\"><strong><span style=\"color: #0000ff;\">F.M<\/span><\/strong><\/p>\n<div id='gallery-1' class='gallery galleryid-124722 gallery-columns-1 gallery-size-full'><figure class='gallery-item'>\n\t\t\t<div class='gallery-icon landscape'>\n\t\t\t\t<a href='https:\/\/archive.sana.sy\/es\/wp-content\/uploads\/2019\/12\/photo_2019-12-21_20-25-07-scaled-1.jpg'><img loading=\"lazy\" decoding=\"async\" width=\"2560\" height=\"1706\" src=\"https:\/\/archive.sana.sy\/es\/wp-content\/uploads\/2019\/12\/photo_2019-12-21_20-25-07-scaled-1.jpg\" class=\"attachment-full size-full\" alt=\"\" srcset=\"https:\/\/archive.sana.sy\/es\/wp-content\/uploads\/2019\/12\/photo_2019-12-21_20-25-07-scaled-1.jpg 2560w, https:\/\/archive.sana.sy\/es\/wp-content\/uploads\/2019\/12\/photo_2019-12-21_20-25-07-scaled-1-300x200.jpg 300w, https:\/\/archive.sana.sy\/es\/wp-content\/uploads\/2019\/12\/photo_2019-12-21_20-25-07-scaled-1-1024x682.jpg 1024w, https:\/\/archive.sana.sy\/es\/wp-content\/uploads\/2019\/12\/photo_2019-12-21_20-25-07-scaled-1-150x100.jpg 150w, https:\/\/archive.sana.sy\/es\/wp-content\/uploads\/2019\/12\/photo_2019-12-21_20-25-07-scaled-1-768x512.jpg 768w, https:\/\/archive.sana.sy\/es\/wp-content\/uploads\/2019\/12\/photo_2019-12-21_20-25-07-scaled-1-1536x1024.jpg 1536w, https:\/\/archive.sana.sy\/es\/wp-content\/uploads\/2019\/12\/photo_2019-12-21_20-25-07-scaled-1-2048x1365.jpg 2048w\" sizes=\"(max-width: 2560px) 100vw, 2560px\" \/><\/a>\n\t\t\t<\/div><\/figure><figure class='gallery-item'>\n\t\t\t<div class='gallery-icon landscape'>\n\t\t\t\t<a href='https:\/\/archive.sana.sy\/es\/wp-content\/uploads\/2019\/12\/photo_2019-12-21_20-26-37-1-660x330-1.jpg'><img loading=\"lazy\" decoding=\"async\" width=\"660\" height=\"330\" src=\"https:\/\/archive.sana.sy\/es\/wp-content\/uploads\/2019\/12\/photo_2019-12-21_20-26-37-1-660x330-1.jpg\" class=\"attachment-full size-full\" alt=\"\" srcset=\"https:\/\/archive.sana.sy\/es\/wp-content\/uploads\/2019\/12\/photo_2019-12-21_20-26-37-1-660x330-1.jpg 660w, https:\/\/archive.sana.sy\/es\/wp-content\/uploads\/2019\/12\/photo_2019-12-21_20-26-37-1-660x330-1-300x150.jpg 300w, https:\/\/archive.sana.sy\/es\/wp-content\/uploads\/2019\/12\/photo_2019-12-21_20-26-37-1-660x330-1-150x75.jpg 150w\" sizes=\"(max-width: 660px) 100vw, 660px\" \/><\/a>\n\t\t\t<\/div><\/figure><figure class='gallery-item'>\n\t\t\t<div class='gallery-icon portrait'>\n\t\t\t\t<a href='https:\/\/archive.sana.sy\/es\/wp-content\/uploads\/2019\/12\/photo_2019-12-21_20-25-47-scaled-1.jpg'><img loading=\"lazy\" decoding=\"async\" width=\"1706\" height=\"2560\" src=\"https:\/\/archive.sana.sy\/es\/wp-content\/uploads\/2019\/12\/photo_2019-12-21_20-25-47-scaled-1.jpg\" class=\"attachment-full size-full\" alt=\"\" srcset=\"https:\/\/archive.sana.sy\/es\/wp-content\/uploads\/2019\/12\/photo_2019-12-21_20-25-47-scaled-1.jpg 1706w, https:\/\/archive.sana.sy\/es\/wp-content\/uploads\/2019\/12\/photo_2019-12-21_20-25-47-scaled-1-200x300.jpg 200w, https:\/\/archive.sana.sy\/es\/wp-content\/uploads\/2019\/12\/photo_2019-12-21_20-25-47-scaled-1-682x1024.jpg 682w, https:\/\/archive.sana.sy\/es\/wp-content\/uploads\/2019\/12\/photo_2019-12-21_20-25-47-scaled-1-100x150.jpg 100w, https:\/\/archive.sana.sy\/es\/wp-content\/uploads\/2019\/12\/photo_2019-12-21_20-25-47-scaled-1-768x1152.jpg 768w, https:\/\/archive.sana.sy\/es\/wp-content\/uploads\/2019\/12\/photo_2019-12-21_20-25-47-scaled-1-1024x1536.jpg 1024w, https:\/\/archive.sana.sy\/es\/wp-content\/uploads\/2019\/12\/photo_2019-12-21_20-25-47-scaled-1-1365x2048.jpg 1365w\" sizes=\"(max-width: 1706px) 100vw, 1706px\" \/><\/a>\n\t\t\t<\/div><\/figure><figure class='gallery-item'>\n\t\t\t<div class='gallery-icon portrait'>\n\t\t\t\t<a href='https:\/\/archive.sana.sy\/es\/wp-content\/uploads\/2019\/12\/photo_2019-12-21_20-24-52-scaled-1.jpg'><img loading=\"lazy\" decoding=\"async\" width=\"1706\" height=\"2560\" src=\"https:\/\/archive.sana.sy\/es\/wp-content\/uploads\/2019\/12\/photo_2019-12-21_20-24-52-scaled-1.jpg\" class=\"attachment-full size-full\" alt=\"\" srcset=\"https:\/\/archive.sana.sy\/es\/wp-content\/uploads\/2019\/12\/photo_2019-12-21_20-24-52-scaled-1.jpg 1706w, https:\/\/archive.sana.sy\/es\/wp-content\/uploads\/2019\/12\/photo_2019-12-21_20-24-52-scaled-1-200x300.jpg 200w, https:\/\/archive.sana.sy\/es\/wp-content\/uploads\/2019\/12\/photo_2019-12-21_20-24-52-scaled-1-682x1024.jpg 682w, https:\/\/archive.sana.sy\/es\/wp-content\/uploads\/2019\/12\/photo_2019-12-21_20-24-52-scaled-1-100x150.jpg 100w, https:\/\/archive.sana.sy\/es\/wp-content\/uploads\/2019\/12\/photo_2019-12-21_20-24-52-scaled-1-768x1152.jpg 768w, https:\/\/archive.sana.sy\/es\/wp-content\/uploads\/2019\/12\/photo_2019-12-21_20-24-52-scaled-1-1024x1536.jpg 1024w, https:\/\/archive.sana.sy\/es\/wp-content\/uploads\/2019\/12\/photo_2019-12-21_20-24-52-scaled-1-1365x2048.jpg 1365w\" sizes=\"(max-width: 1706px) 100vw, 1706px\" \/><\/a>\n\t\t\t<\/div><\/figure><figure class='gallery-item'>\n\t\t\t<div class='gallery-icon landscape'>\n\t\t\t\t<a href='https:\/\/archive.sana.sy\/es\/wp-content\/uploads\/2019\/12\/photo_2019-12-21_20-25-38-scaled-1.jpg'><img loading=\"lazy\" decoding=\"async\" width=\"2560\" height=\"1625\" src=\"https:\/\/archive.sana.sy\/es\/wp-content\/uploads\/2019\/12\/photo_2019-12-21_20-25-38-scaled-1.jpg\" class=\"attachment-full size-full\" alt=\"\" srcset=\"https:\/\/archive.sana.sy\/es\/wp-content\/uploads\/2019\/12\/photo_2019-12-21_20-25-38-scaled-1.jpg 2560w, https:\/\/archive.sana.sy\/es\/wp-content\/uploads\/2019\/12\/photo_2019-12-21_20-25-38-scaled-1-300x190.jpg 300w, https:\/\/archive.sana.sy\/es\/wp-content\/uploads\/2019\/12\/photo_2019-12-21_20-25-38-scaled-1-1024x650.jpg 1024w, https:\/\/archive.sana.sy\/es\/wp-content\/uploads\/2019\/12\/photo_2019-12-21_20-25-38-scaled-1-150x95.jpg 150w, https:\/\/archive.sana.sy\/es\/wp-content\/uploads\/2019\/12\/photo_2019-12-21_20-25-38-scaled-1-768x488.jpg 768w, https:\/\/archive.sana.sy\/es\/wp-content\/uploads\/2019\/12\/photo_2019-12-21_20-25-38-scaled-1-1536x975.jpg 1536w, https:\/\/archive.sana.sy\/es\/wp-content\/uploads\/2019\/12\/photo_2019-12-21_20-25-38-scaled-1-2048x1300.jpg 2048w\" sizes=\"(max-width: 2560px) 100vw, 2560px\" \/><\/a>\n\t\t\t<\/div><\/figure>\n\t\t<\/div>\n\n","protected":false},"excerpt":{"rendered":"<p>Alepo, SANA En la plaza del vecindario Azizieh de la ciudad norte\u00f1a de Alepo, se encendieron las luces de un gigante \u00c1rbol de Navidad en una ceremonia organizada por la Asociaci\u00f3n Cultural Kelikia. El coro de la aludida asociaci\u00f3n interpret\u00f3 canciones de Navidad y otras patri\u00f3ticas, en medio de una notable presencia de interesados y &hellip;<\/p>\n","protected":false},"author":34,"featured_media":124724,"comment_status":"closed","ping_status":"closed","sticky":false,"template":"","format":"standard","meta":{"footnotes":""},"categories":[447,597,476,7541],"tags":[],"class_list":["post-124722","post","type-post","status-publish","format-standard","has-post-thumbnail","","category-local-politica","category-cinta-de-noticias","category-locales","category-ultimas-noticias"],"_links":{"self":[{"href":"https:\/\/archive.sana.sy\/es\/index.php?rest_route=\/wp\/v2\/posts\/124722"}],"collection":[{"href":"https:\/\/archive.sana.sy\/es\/index.php?rest_route=\/wp\/v2\/posts"}],"about":[{"href":"https:\/\/archive.sana.sy\/es\/index.php?rest_route=\/wp\/v2\/types\/post"}],"author":[{"embeddable":true,"href":"https:\/\/archive.sana.sy\/es\/index.php?rest_route=\/wp\/v2\/users\/34"}],"replies":[{"embeddable":true,"href":"https:\/\/archive.sana.sy\/es\/index.php?rest_route=%2Fwp%2Fv2%2Fcomments&post=124722"}],"version-history":[{"count":0,"href":"https:\/\/archive.sana.sy\/es\/index.php?rest_route=\/wp\/v2\/posts\/124722\/revisions"}],"wp:featuredmedia":[{"embeddable":true,"href":"https:\/\/archive.sana.sy\/es\/index.php?rest_route=\/wp\/v2\/media\/124724"}],"wp:attachment":[{"href":"https:\/\/archive.sana.sy\/es\/index.php?rest_route=%2Fwp%2Fv2%2Fmedia&parent=124722"}],"wp:term":[{"taxonomy":"category","embeddable":true,"href":"https:\/\/archive.sana.sy\/es\/index.php?rest_route=%2Fwp%2Fv2%2Fcategories&post=124722"},{"taxonomy":"post_tag","embeddable":true,"href":"https:\/\/archive.sana.sy\/es\/index.php?rest_route=%2Fwp%2Fv2%2Ftags&post=124722"}],"curies":[{"name":"wp","href":"https:\/\/api.w.org\/{rel}","templated":true}]}}