{"id":124734,"date":"2019-12-22T11:01:53","date_gmt":"2019-12-22T09:01:53","guid":{"rendered":"http:\/\/sana.sy\/es\/?p=124734"},"modified":"2019-12-22T11:31:16","modified_gmt":"2019-12-22T09:31:16","slug":"resumen-de-las-noticias-de-siria-en-las-ultimas-24-horas-2","status":"publish","type":"post","link":"https:\/\/archive.sana.sy\/es\/?p=124734","title":{"rendered":"Resumen de las noticias de Siria en las \u00faltimas 24 horas"},"content":{"rendered":"<p style=\"text-align: justify;\"><span style=\"color: #800000;\">Damasco, SANA<\/span><\/p>\n<p style=\"text-align: justify;\">Les ofrecemos a continuaci\u00f3n un resumen de las noticias nacionales e internacionales relativas a Siria y difundidas por nuestra agencia en las \u00faltimas 24 horas:<\/p>\n<p style=\"text-align: justify;\"><strong><span style=\"color: #000000;\">Ej\u00e9rcito libera seis nuevos poblados en el campo suroriental de Idleb<\/span><\/strong><\/p>\n<p style=\"text-align: justify;\">Unidades del ej\u00e9rcito \u00e1rabe sirio contin\u00faan su avance por el eje suroriental de la provincia de Idleb donde libraron cruentos combates contra las organizaciones terroristas armadas durante los cuales depuraron seis nuevos pueblos y acabaron con terroristas.<\/p>\n<p style=\"text-align: justify;\">El reportero de SANA inform\u00f3 desde la zona de operaciones que contingentes del ej\u00e9rcito entablaron violentos combates con agrupaciones hostiles afiliados al Frente al-Nousra en el campo suroriental de Idleb donde libraron los poblados de Um Tina, Mderseh, Bernan, Ruffa, Harran y Qatra.<\/p>\n<p style=\"text-align: justify;\">El periodista detall\u00f3 que unidades del ej\u00e9rcito bombardearon densamente fortificaciones y cuarteles e irrumpieron en la zona tras feroces combates en que las agrupaciones hostiles sufrieron grandes p\u00e9rdidas en personal y veh\u00edculos blindados y armamento.<\/p>\n<p style=\"text-align: justify;\">Agreg\u00f3 que el ej\u00e9rcito prosigue su puje hacia las aldeas de Samka y Balsam.<\/p>\n<p style=\"text-align: justify;\">En la v\u00edspera, el ej\u00e9rcito sirio anunci\u00f3 nuevos avances en sus batallas contra los grupos terroristas en el frente de la provincia de Idleb, al liberar los poblados y granjas de Um Jalal, Rabieh, Khureibe, Shara Ayaez, Bernan y Um Tweneh.<\/p>\n<p style=\"text-align: justify;\">Los operativos del ej\u00e9rcito forman parte del cumplimiento de su deber constitucional de restablecer la seguridad en todo el territorio nacional.<\/p>\n<p style=\"text-align: justify;\"><strong>Terroristas trasladan cargamento de cloro a las ciudades de Saraueb y Maaret Al-Noum\u00e1n<\/strong><\/p>\n<p style=\"text-align: justify;\">Terroristas del Frente al-Nousra, en cooperaci\u00f3n con los llamados Cascos Blancos, trasladaron \u2013bajo supervisi\u00f3n de expertos chechenos y belgas- cilindros de cloro t\u00f3xico a la periferia de las ciudades de Saraqueb y Maaret al-Nouman.<\/p>\n<p style=\"text-align: justify;\">Fuentes locales citadas por la agencia rusa Sputnik informaron que elementos de al-Nousra sacaron varios botellones de gas de cloro desde granjas alrededor de dichas ciudades.<\/p>\n<p style=\"text-align: justify;\">Las fuentes estiman en tres el n\u00famero de los cilindros trasladados por medio de motocicletas.<\/p>\n<p style=\"text-align: justify;\"><strong>Ataques terroristas contra tres instalaciones petroleras en Homs y los t\u00e9cnicos comienzan a reparar los da\u00f1os<\/strong><\/p>\n<p style=\"text-align: justify;\">El Ministerio de Petr\u00f3leo y Recursos Minerales anunci\u00f3 que la refiner\u00eda de Homs y las dos plantas de gas al-Rayan y de la Regi\u00f3n Central, \u00a0fueron blancos de ataques terroristas simult\u00e1neos que causaron algunos da\u00f1os en las unidades de producci\u00f3n.<\/p>\n<p style=\"text-align: justify;\">\u201cInmediatamente los equipos de bomberos actuaron y extinguieron los incendios, mientras los t\u00e9cnicos comenzaron a reparar los da\u00f1os\u201d, declar\u00f3 el ministro de Petr\u00f3leo y Recursos Minerales, Ali Ghanem, durante su inspecci\u00f3n a la refiner\u00eda de Homs.<\/p>\n<p style=\"text-align: justify;\">\u201cLos ataques contra las instalaciones fueron sistem\u00e1ticos y simult\u00e1neos, y provocaron la salida de varias unidades de la producci\u00f3n\u201d, dijo.<\/p>\n<p style=\"text-align: justify;\">Denunci\u00f3 que \u201cla guerra no ha terminado y tienes m\u00faltiples formas y los ataques de hoy forman parte de la guerra directa e indirecta contra el sector petrolero, sea a trav\u00e9s del asedio o los ataques con explosivos\u201d.<\/p>\n<p style=\"text-align: justify;\">Revel\u00f3 que la v\u00edspera, una de las perforadoras en el campo petrolero al- Hell fue tambi\u00e9n atacada.<\/p>\n<p style=\"text-align: justify;\">A su vez, Talal Al-Barazi, gobernador de Homs, indic\u00f3 que el ataque de hoy es un acto terrorista dirigido contra la econom\u00eda de la naci\u00f3n.<\/p>\n<p style=\"text-align: justify;\">Esos ataques terroristas a las instalaciones petroleras se producen en un momento en que Estados Unidos y el r\u00e9gimen turco est\u00e1n robando el petr\u00f3leo y el gas de Siria en la regi\u00f3n de al-Jazeera.<\/p>\n<p style=\"text-align: justify;\">Washington impone medidas coercitivas y un bloqueo ilegal para impedir la entrega de suministros de petr\u00f3leo y gas a Siria.<\/p>\n<p style=\"text-align: justify;\"><strong>Explosi\u00f3n de una mina remanente del Daesh mata a un civil en Hasakeh<\/strong><\/p>\n<p style=\"text-align: justify;\">Un civil perdi\u00f3 la vida por la explosi\u00f3n de una mina remanente de los terroristas del Daesh en al sur de la provincia de Hasakeh.<\/p>\n<p style=\"text-align: justify;\">Seg\u00fan report\u00f3 el corresponsal de SANA, la mina explot\u00f3 al paso de un pastor de ovejos en la zona de Hamah-Markada, lo que caus\u00f3 la muerte inmediata del pastor y otras dos personas que lo acompa\u00f1aban resultaron heridas.<\/p>\n<p style=\"text-align: justify;\">Ambos heridos fueron trasladados al hospital para recibir tratamiento.<\/p>\n<p style=\"text-align: justify;\"><strong>La capital industrial (Alepo) vuelve a brillar a pesar del embargo econ\u00f3mico<\/strong><\/p>\n<p style=\"text-align: justify;\">A pasos acelerados vuelve a tomar forma el ciclo de producci\u00f3n en las zonas industriales liberadas de la provincia de Alepo; as\u00ed vuelve de nuevo el ruido de m\u00e1quinas a desafiar el terrorismo que intent\u00f3 socavar la econom\u00eda nacional.<\/p>\n<p style=\"text-align: justify;\">Esto ha sido posible gracias a los hijos de Alepo quienes procedieron a rehabilitar sus instalaciones da\u00f1adas para arrancar con la producci\u00f3n.<\/p>\n<p style=\"text-align: justify;\">Majd Checheman, miembro de la C\u00e1mara de Industria de Alepo, explic\u00f3 que la rueda de la industria ha vuelto a girar en las zonas industriales desde la liberaci\u00f3n de Alepo el 22 de diciembre del 2016, asimismo 16 mil instalaciones de un total de 35 mil, han vuelto a funcionar en las zonas industriales de Kallasa, Qatiryi y Arqub.<\/p>\n<p style=\"text-align: justify;\">Checheman se\u00f1al\u00f3 que son mil 300 las instalaciones productoras en el distrito de Arqub las cuales se distribuyen entre textiles, mec\u00e1nicas, alimentarias y qu\u00edmicas.<\/p>\n<p style=\"text-align: justify;\">Seg\u00fan detall\u00f3, hay otras 1200 instalaciones y en Qatiryi m\u00e1s de 900 industriales han vuelto a operar mientras que otros 240 est\u00e1n rehabilitando sus talleres.<\/p>\n<p style=\"text-align: justify;\">El Estado ha rehabilitado las infraestructuras y reparado las redes de agua, comunicaci\u00f3n y electricidad.<\/p>\n<p style=\"text-align: justify;\"><strong>Espectacular celebraci\u00f3n por el lanzamiento de la iniciativa \u201cCapital de Navidad II\u201d en Damasco<\/strong><\/p>\n<p style=\"text-align: justify;\">Con motivo de las fiestas de Navidad y A\u00f1o Nuevo, el equipo de voluntarios &#8220;Sabro&#8221; lanz\u00f3 su iniciativa (Capital de Navidad II), en la emblem\u00e1tica plaza Abasyeen de esta capital.<\/p>\n<p style=\"text-align: justify;\">La iniciativa fue lanzada con una ceremonia espectacular a la que asistieron multitudes de interesados y amantes del ambiente navide\u00f1o.<\/p>\n<p style=\"text-align: justify;\">Incluy\u00f3 un concierto musical de la Orquesta Sinf\u00f3nica Militar, y luego se encendieron las luces de un \u00e1rbol de Navidad de 20 metros de altura, y se abri\u00f3 el primer pesebre de bel\u00e9n con una altura de cinco metros y una profundidad de 13 metros.<\/p>\n<p style=\"text-align: justify;\">En un discurso durante la ceremonia, Mar Ignatius Afram II, el Patriarca de Antioqu\u00eda y Todo Oriente y \u00a0Presidente Supremo de la Iglesia Ortodoxa Sir\u00edaca en el mundo, dijo Siria es la cuna de la civilizaci\u00f3n que sali\u00f3 y se propag\u00f3 por todo el mundo.<\/p>\n<p style=\"text-align: justify;\">&#8220;La celebraci\u00f3n es un mensaje de que la paz debe reinar en los corazones de todos los sirios, y hoy Siria es capital de Navidad porque el nacimiento de Jes\u00fas en Bel\u00e9n se produjo durante un mandato sirio, y por ellos Cristo naci\u00f3 aqu\u00ed en Siria y enviamos desde Siria hoy un mensaje de amor y paz por todo el mundo&#8221;.<\/p>\n<p style=\"text-align: justify;\">El patriarca indic\u00f3 que Siria es una de paz pero a\u00fan est\u00e1 viviendo una guerra de m\u00faltiples formas, incluido el injusto bloqueo econ\u00f3mico.<\/p>\n<p style=\"text-align: justify;\">&#8220;Oramos para que Siria alcance la victoria final y que los sirios vuelvan a su tierra natal para reconstruirla&#8221;, acot\u00f3.<\/p>\n<p style=\"text-align: justify;\">Seg\u00fan explic\u00f3 el padre Barsoom Kindo, el responsable del grupo de voluntarios Sabro (Sabro es una palabra sir\u00edaca que significa esperanza), la iniciativa est\u00e1 encaminada a restaurar el esp\u00edritu de esperanza y alegr\u00eda para el pueblo de Siria despu\u00e9s de los a\u00f1os de la guerra.<\/p>\n<p style=\"text-align: justify;\"><strong>Celebraciones en Alepo por las fiestas de Navidad y Fin de A\u00f1o<\/strong><\/p>\n<p style=\"text-align: justify;\">En la plaza del vecindario Azizieh de la ciudad norte\u00f1a de Alepo, se encendieron las luces de un gigante \u00c1rbol de Navidad en una ceremonia organizada por la Asociaci\u00f3n Cultural Kelikia.<\/p>\n<p style=\"text-align: justify;\">El coro de la aludida asociaci\u00f3n interpret\u00f3 canciones de Navidad y otras patri\u00f3ticas, en medio de una notable presencia de interesados y gente que a\u00f1oran estas celebraciones de amor y alegr\u00eda.<\/p>\n<p style=\"text-align: justify;\">La m\u00e1xima autoridad de la comunidad de protestantes armenios en Siria, el reverendo Harutyun Selimian, consider\u00f3 que esta celebraci\u00f3n por la Navidad es un s\u00edmbolo de que Siria est\u00e1 viviendo una nueva resurrecci\u00f3n y adem\u00e1s refleja las alegr\u00edas por completar las victorias sobre los enemigos.<\/p>\n<p style=\"text-align: justify;\">A su vez, el arzobispo maronita de Alepo, Youssef Tobji, or\u00f3 para que la paz reine en todas partes de Siria.<\/p>\n<p style=\"text-align: justify;\"><strong>Inauguraci\u00f3n del Festival de C\u00edtricos de Latakia<\/strong><\/p>\n<p style=\"text-align: justify;\">Comenzaron las actividades del Festival de C\u00edtricos en cooperaci\u00f3n con el Ministerio de Agricultura y las C\u00e1maras de Comercio e industria de las provincias costeras de Latakia y Tartous.<\/p>\n<p style=\"text-align: justify;\">En el evento que tiene lugar en el Museo Nacional de Latakia se exhiben c\u00edtricos sirios de excelente calidad a fin de comerciarlos a nivel interno y externo.<\/p>\n<p style=\"text-align: justify;\">Munzer Kheir Bek, Director de Agricultura de Latakia, afirm\u00f3 a SANA que los c\u00edtricos constituyen una fuente de ingreso para m\u00e1s de 45 mil familias en esta provincia.<\/p>\n<p style=\"text-align: justify;\">Detall\u00f3 que la producci\u00f3n de c\u00edtricos en Latakia este a\u00f1o se estima en 800 mil toneladas.<\/p>\n<p style=\"text-align: justify;\"><strong>El cine \u201cAl-Kindy\u201d en Latakia reabre sus puertas tras siete a\u00f1os de cierre por la guerra<\/strong><\/p>\n<p style=\"text-align: justify;\">Como parte de las actividades del segundo festival cultural de Latakia, el cine \u201cAl-Kindy\u201d reabri\u00f3 sus puertas y proyect\u00f3 el largometraje sirio \u201cDam Al-Najel\u201d o \u201cla sangre la palma\u201d.<\/p>\n<p style=\"text-align: justify;\">La aludida pel\u00edcula del cineasta sirio Najdat Ismail Anzur, narra los \u00faltimos d\u00edas de vida de Khaled Al-Assad, arque\u00f3logo y director del museo de Palmira quien fue asesinado a manos de los terroristas del Daesh. Tambi\u00e9n refleja la resistencia de los palmire\u00f1os y la del ej\u00e9rcito \u00e1rabe sirio al terrorismo.<\/p>\n<p style=\"text-align: justify;\">Tras siete a\u00f1os de cierre a consecuencia de la guerra terrorista, el cine fue sometido a rehabilitaci\u00f3n y fue equipado con modernas m\u00e1quinas de proyecci\u00f3n de pel\u00edculas.<\/p>\n<p style=\"text-align: justify;\">El c\u00e9lebre cine de \u201cAl-Kindi\u201d ha vuelto a abrir sus puertas nuevamente para los amantes del cine y esperamos que la vida cinematogr\u00e1fica vuelva a Latakia como antes\u201d, declar\u00f3 Muhammad Al-Ahmad, el ministro de Cultura.<\/p>\n<p style=\"text-align: justify;\">El\u00a0 director de la pel\u00edcula el cineasta Najdat Ismail Anzur, expres\u00f3 su felicidad al proyectar su pel\u00edcula por primera vez en Latakia y que coincida con la inauguraci\u00f3n del cine.<\/p>\n<p style=\"text-align: justify;\"><strong>Siria logra tres preseas en Torneo de Club Asi\u00e1tico de Judo<\/strong><\/p>\n<p style=\"text-align: justify;\">El equipo sirio de Judo consigui\u00f3 tres medallas (una de plata y dos de bronce) en las competencias del Torneo de Club Asi\u00e1tico de Judo.<\/p>\n<p style=\"text-align: justify;\">El Torneo que tiene lugar en el club Sulaibikhat en la ciudad de Kuwait cuenta con la participaci\u00f3n de 15 clubs asi\u00e1ticos.<\/p>\n<p style=\"text-align: justify;\">La plateada fue lograda por el judoca Omran Ajina por la categor\u00eda de 60 kg, mientras las de bronce fueron conseguidas por los judocas Hasan Bayan e Ihsan Nejem por las categor\u00edas de 73 kg y 66 kg respectivamente.<\/p>\n<p style=\"text-align: justify;\"><strong>Siria gana una dorada en el Campeonato \u00c1rabe de Esgrima<\/strong><\/p>\n<p style=\"text-align: justify;\">El equipo sirio de esgrima logr\u00f3 una medalla de oro en el Campeonato \u00c1rabe de Esgrima para las categor\u00edas femenino y masculino.<\/p>\n<p style=\"text-align: justify;\">La dorada fue conquistada por la tiradora Naglaa al-Sharqi en la categor\u00eda \u201cSable individual femenino\u201d.<\/p>\n<p style=\"text-align: justify;\">El Campeonato que se desarrolla actualmente en Kuwait cuenta con la participaci\u00f3n de tiradores de ocho pa\u00edses, entre ellos seis sirios.<\/p>\n<p><span style=\"color: #0000ff;\">F.M\/ E.D<\/span><\/p>\n","protected":false},"excerpt":{"rendered":"<p>Damasco, SANA Les ofrecemos a continuaci\u00f3n un resumen de las noticias nacionales e internacionales relativas a Siria y difundidas por nuestra agencia en las \u00faltimas 24 horas: Ej\u00e9rcito libera seis nuevos poblados en el campo suroriental de Idleb Unidades del ej\u00e9rcito \u00e1rabe sirio contin\u00faan su avance por el eje suroriental de la provincia de Idleb &hellip;<\/p>\n","protected":false},"author":32,"featured_media":124737,"comment_status":"closed","ping_status":"closed","sticky":false,"template":"","format":"standard","meta":{"footnotes":""},"categories":[555,597,7541],"tags":[17229],"class_list":["post-124734","post","type-post","status-publish","format-standard","has-post-thumbnail","","category-prensa","category-cinta-de-noticias","category-ultimas-noticias","tag-resumen-de-las-noticias-de-siria-en-las-ultimas-24-horas"],"_links":{"self":[{"href":"https:\/\/archive.sana.sy\/es\/index.php?rest_route=\/wp\/v2\/posts\/124734"}],"collection":[{"href":"https:\/\/archive.sana.sy\/es\/index.php?rest_route=\/wp\/v2\/posts"}],"about":[{"href":"https:\/\/archive.sana.sy\/es\/index.php?rest_route=\/wp\/v2\/types\/post"}],"author":[{"embeddable":true,"href":"https:\/\/archive.sana.sy\/es\/index.php?rest_route=\/wp\/v2\/users\/32"}],"replies":[{"embeddable":true,"href":"https:\/\/archive.sana.sy\/es\/index.php?rest_route=%2Fwp%2Fv2%2Fcomments&post=124734"}],"version-history":[{"count":0,"href":"https:\/\/archive.sana.sy\/es\/index.php?rest_route=\/wp\/v2\/posts\/124734\/revisions"}],"wp:featuredmedia":[{"embeddable":true,"href":"https:\/\/archive.sana.sy\/es\/index.php?rest_route=\/wp\/v2\/media\/124737"}],"wp:attachment":[{"href":"https:\/\/archive.sana.sy\/es\/index.php?rest_route=%2Fwp%2Fv2%2Fmedia&parent=124734"}],"wp:term":[{"taxonomy":"category","embeddable":true,"href":"https:\/\/archive.sana.sy\/es\/index.php?rest_route=%2Fwp%2Fv2%2Fcategories&post=124734"},{"taxonomy":"post_tag","embeddable":true,"href":"https:\/\/archive.sana.sy\/es\/index.php?rest_route=%2Fwp%2Fv2%2Ftags&post=124734"}],"curies":[{"name":"wp","href":"https:\/\/api.w.org\/{rel}","templated":true}]}}