{"id":124787,"date":"2019-12-22T15:04:56","date_gmt":"2019-12-22T13:04:56","guid":{"rendered":"http:\/\/sana.sy\/es\/?p=124787"},"modified":"2023-01-10T14:34:49","modified_gmt":"2023-01-10T12:34:49","slug":"himnos-y-canciones-en-13-idiomas-en-una-gala-navidena-en-latakia","status":"publish","type":"post","link":"https:\/\/archive.sana.sy\/es\/?p=124787","title":{"rendered":"Himnos y canciones en 13 idiomas en una gala navide\u00f1a en Latakia"},"content":{"rendered":"<p style=\"text-align: justify;\"><strong><span style=\"color: #800000;\">Latakia, SANA<\/span><\/strong><\/p>\n<p style=\"text-align: justify;\">El coro sir\u00edaco patriarcal de San Efr\u00e9n, dirigido por el maestro Shadi Sarwa, cant\u00f3 himnos y canciones en 13 idiomas, \u00a0durante una gala navide\u00f1a bajo el t\u00edtulo: &#8220;Desde Oriente&#8221;, en la iglesia maronita de la Virgen en Latakia.<\/p>\n<p style=\"text-align: justify;\">Las dulces voces y la armon\u00eda entre los miembros de la banda fueron suficientes para alegrar los corazones de los presentes y generar un maravilloso ambiente navide\u00f1o.<\/p>\n<p style=\"text-align: justify;\"><img loading=\"lazy\" decoding=\"async\" class=\"size-medium wp-image-124788 alignleft\" src=\"http:\/\/sana.sy\/es\/wp-content\/uploads\/2019\/12\/9-111-660x330-1-300x150.jpg\" alt=\"\" width=\"300\" height=\"150\" srcset=\"https:\/\/archive.sana.sy\/es\/wp-content\/uploads\/2019\/12\/9-111-660x330-1-300x150.jpg 300w, https:\/\/archive.sana.sy\/es\/wp-content\/uploads\/2019\/12\/9-111-660x330-1-150x75.jpg 150w, https:\/\/archive.sana.sy\/es\/wp-content\/uploads\/2019\/12\/9-111-660x330-1.jpg 660w\" sizes=\"(max-width: 300px) 100vw, 300px\" \/>Explic\u00f3 que la mayor\u00eda de las canciones fueron cantadas en idiomas orientales como el sir\u00edaco, el caldeo, el \u00a0copto y de pa\u00edses de Europa del Este que presenciaron los primeros inicios del cristianismo, como el ruso y el h\u00fangaro, y pa\u00edses del Lejano Oriente, como China, Jap\u00f3n, entre otros.<\/p>\n<p style=\"text-align: justify;\">El Coro fue fundado en Damasco en 1980 con el objetivo de preservar y resaltar la herencia l\u00edrica, religiosa y popular sir\u00edaca.<\/p>\n<p style=\"text-align: justify;\"><span style=\"color: #0000ff;\"><strong>F.M<\/strong><\/span><\/p>\n","protected":false},"excerpt":{"rendered":"<p>Latakia, SANA El coro sir\u00edaco patriarcal de San Efr\u00e9n, dirigido por el maestro Shadi Sarwa, cant\u00f3 himnos y canciones en 13 idiomas, \u00a0durante una gala navide\u00f1a bajo el t\u00edtulo: &#8220;Desde Oriente&#8221;, en la iglesia maronita de la Virgen en Latakia. Las dulces voces y la armon\u00eda entre los miembros de la banda fueron suficientes para &hellip;<\/p>\n","protected":false},"author":34,"featured_media":124789,"comment_status":"closed","ping_status":"closed","sticky":false,"template":"","format":"standard","meta":{"footnotes":""},"categories":[447,597,476,457,7541],"tags":[],"class_list":["post-124787","post","type-post","status-publish","format-standard","has-post-thumbnail","","category-local-politica","category-cinta-de-noticias","category-locales","category-noticias-arabe-internacional-politica","category-ultimas-noticias"],"_links":{"self":[{"href":"https:\/\/archive.sana.sy\/es\/index.php?rest_route=\/wp\/v2\/posts\/124787"}],"collection":[{"href":"https:\/\/archive.sana.sy\/es\/index.php?rest_route=\/wp\/v2\/posts"}],"about":[{"href":"https:\/\/archive.sana.sy\/es\/index.php?rest_route=\/wp\/v2\/types\/post"}],"author":[{"embeddable":true,"href":"https:\/\/archive.sana.sy\/es\/index.php?rest_route=\/wp\/v2\/users\/34"}],"replies":[{"embeddable":true,"href":"https:\/\/archive.sana.sy\/es\/index.php?rest_route=%2Fwp%2Fv2%2Fcomments&post=124787"}],"version-history":[{"count":0,"href":"https:\/\/archive.sana.sy\/es\/index.php?rest_route=\/wp\/v2\/posts\/124787\/revisions"}],"wp:featuredmedia":[{"embeddable":true,"href":"https:\/\/archive.sana.sy\/es\/index.php?rest_route=\/wp\/v2\/media\/124789"}],"wp:attachment":[{"href":"https:\/\/archive.sana.sy\/es\/index.php?rest_route=%2Fwp%2Fv2%2Fmedia&parent=124787"}],"wp:term":[{"taxonomy":"category","embeddable":true,"href":"https:\/\/archive.sana.sy\/es\/index.php?rest_route=%2Fwp%2Fv2%2Fcategories&post=124787"},{"taxonomy":"post_tag","embeddable":true,"href":"https:\/\/archive.sana.sy\/es\/index.php?rest_route=%2Fwp%2Fv2%2Ftags&post=124787"}],"curies":[{"name":"wp","href":"https:\/\/api.w.org\/{rel}","templated":true}]}}