{"id":124793,"date":"2019-12-22T16:45:52","date_gmt":"2019-12-22T14:45:52","guid":{"rendered":"http:\/\/sana.sy\/es\/?p=124793"},"modified":"2019-12-22T16:45:41","modified_gmt":"2019-12-22T14:45:41","slug":"video-en-marcha-las-obras-reconstruccion-de-la-mezquita-omeya-en-alepo","status":"publish","type":"post","link":"https:\/\/archive.sana.sy\/es\/?p=124793","title":{"rendered":"Video: En marcha las obras reconstrucci\u00f3n de la Mezquita Omeya en Alepo"},"content":{"rendered":"<p style=\"text-align: justify;\"><strong><span style=\"color: #800000;\">Alepo, SANA\u00a0<\/span><\/strong><\/p>\n<p style=\"text-align: justify;\">La mezquita Omeya de Alepo fue construida hace 1300 a\u00f1os..\u00a0 Los ataques terroristas provocaron destrucci\u00f3n parcial en la misma y ahora se est\u00e1n llevando a cabo obras de rehabilitaci\u00f3n y restauraci\u00f3n a la misma, les dejamos con este reportaje en espa\u00f1ol..<\/p>\n<p><iframe loading=\"lazy\" src=\"https:\/\/www.youtube.com\/embed\/AVwnWJ7YtdI\" width=\"660\" height=\"370\" frameborder=\"0\" allowfullscreen=\"allowfullscreen\"><span data-mce-type=\"bookmark\" style=\"display: inline-block; width: 0px; overflow: hidden; line-height: 0;\" class=\"mce_SELRES_start\">\ufeff<\/span><\/iframe><\/p>\n<p style=\"text-align: justify;\"><strong><span style=\"color: #0000ff;\">F.M<\/span><\/strong><\/p>\n","protected":false},"excerpt":{"rendered":"<p>Alepo, SANA\u00a0 La mezquita Omeya de Alepo fue construida hace 1300 a\u00f1os..\u00a0 Los ataques terroristas provocaron destrucci\u00f3n parcial en la misma y ahora se est\u00e1n llevando a cabo obras de rehabilitaci\u00f3n y restauraci\u00f3n a la misma, les dejamos con este reportaje en espa\u00f1ol.. \ufeff F.M<\/p>\n","protected":false},"author":34,"featured_media":124645,"comment_status":"closed","ping_status":"closed","sticky":false,"template":"","format":"standard","meta":{"footnotes":""},"categories":[597,573,476,7541],"tags":[],"class_list":["post-124793","post","type-post","status-publish","format-standard","has-post-thumbnail","","category-cinta-de-noticias","category-la-realidad-de-los-acontecimientos-en-siria","category-locales","category-ultimas-noticias"],"_links":{"self":[{"href":"https:\/\/archive.sana.sy\/es\/index.php?rest_route=\/wp\/v2\/posts\/124793"}],"collection":[{"href":"https:\/\/archive.sana.sy\/es\/index.php?rest_route=\/wp\/v2\/posts"}],"about":[{"href":"https:\/\/archive.sana.sy\/es\/index.php?rest_route=\/wp\/v2\/types\/post"}],"author":[{"embeddable":true,"href":"https:\/\/archive.sana.sy\/es\/index.php?rest_route=\/wp\/v2\/users\/34"}],"replies":[{"embeddable":true,"href":"https:\/\/archive.sana.sy\/es\/index.php?rest_route=%2Fwp%2Fv2%2Fcomments&post=124793"}],"version-history":[{"count":0,"href":"https:\/\/archive.sana.sy\/es\/index.php?rest_route=\/wp\/v2\/posts\/124793\/revisions"}],"wp:featuredmedia":[{"embeddable":true,"href":"https:\/\/archive.sana.sy\/es\/index.php?rest_route=\/wp\/v2\/media\/124645"}],"wp:attachment":[{"href":"https:\/\/archive.sana.sy\/es\/index.php?rest_route=%2Fwp%2Fv2%2Fmedia&parent=124793"}],"wp:term":[{"taxonomy":"category","embeddable":true,"href":"https:\/\/archive.sana.sy\/es\/index.php?rest_route=%2Fwp%2Fv2%2Fcategories&post=124793"},{"taxonomy":"post_tag","embeddable":true,"href":"https:\/\/archive.sana.sy\/es\/index.php?rest_route=%2Fwp%2Fv2%2Ftags&post=124793"}],"curies":[{"name":"wp","href":"https:\/\/api.w.org\/{rel}","templated":true}]}}