{"id":124836,"date":"2019-12-23T06:00:49","date_gmt":"2019-12-23T04:00:49","guid":{"rendered":"http:\/\/sana.sy\/es\/?p=124836"},"modified":"2019-12-23T07:21:17","modified_gmt":"2019-12-23T05:21:17","slug":"ejercito-arrebata-a-terroristas-poblado-de-tah-idleb","status":"publish","type":"post","link":"https:\/\/archive.sana.sy\/es\/?p=124836","title":{"rendered":"Ej\u00e9rcito conquista la estrat\u00e9gica localidad al-Tah en el sudeste de Idleb"},"content":{"rendered":"<p style=\"text-align: justify;\"><strong><span style=\"color: #800000;\">Idleb, SANA<\/span><\/strong><\/p>\n<p style=\"text-align: justify;\">Unidades del ej\u00e9rcito sirio recuperaron el control del estrat\u00e9gico poblado al-Tah, ubicado en el campo sur de la provincia de Idleb, tras feroces enfrentamientos.<\/p>\n<p style=\"text-align: justify;\">La mencionada localidad se consideraba como uno de los bastiones m\u00e1s importantes de la organizaci\u00f3n terrorista del Frente Al-Nousra.<\/p>\n<p style=\"text-align: justify;\">Las fuerzas armadas sirias lograron arrebatarles a los terroristas el poblado antemencionado tras feroces enfrentamientos durante los cuales fueron abatidos extremistas y destruidos sus veh\u00edculos y armas, inform\u00f3 el corresponsal de SANA.<\/p>\n<p style=\"text-align: justify;\">Agreg\u00f3 que los zapadores iniciaron operaciones de desminado dentro y fuera del poblado.<\/p>\n<p style=\"text-align: justify;\">Anteriormente en el mismo d\u00eda, y tras violentos choques con los grupos terroristas, el ej\u00e9rcito logr\u00f3 reconquistar los poblados de Huraki, Qarati Tahtaya, Al-Bery, Tel Homsi y Faruan en el frente del sudeste de la provincia de Idleb.<\/p>\n<p style=\"text-align: justify;\">En la v\u00edspera, el Ej\u00e9rcito sirio logr\u00f3 notables avances en Idleb tras lanzar un gran ataque en dos ejes, y retom\u00f3 una decena de localidades.<\/p>\n<p style=\"text-align: justify;\">Los operativos del ej\u00e9rcito forman parte del cumplimiento de su deber constitucional de restablecer la seguridad en todo el territorio nacional.<\/p>\n<p style=\"text-align: justify;\"><strong><span style=\"color: #0000ff;\">Y.K\/F.M<\/span><\/strong><\/p>\n","protected":false},"excerpt":{"rendered":"<p>Idleb, SANA Unidades del ej\u00e9rcito sirio recuperaron el control del estrat\u00e9gico poblado al-Tah, ubicado en el campo sur de la provincia de Idleb, tras feroces enfrentamientos. La mencionada localidad se consideraba como uno de los bastiones m\u00e1s importantes de la organizaci\u00f3n terrorista del Frente Al-Nousra. Las fuerzas armadas sirias lograron arrebatarles a los terroristas el &hellip;<\/p>\n","protected":false},"author":1,"featured_media":124837,"comment_status":"closed","ping_status":"closed","sticky":false,"template":"","format":"standard","meta":{"footnotes":""},"categories":[597,573,476,583],"tags":[],"class_list":["post-124836","post","type-post","status-publish","format-standard","has-post-thumbnail","","category-cinta-de-noticias","category-la-realidad-de-los-acontecimientos-en-siria","category-locales","category-slide"],"_links":{"self":[{"href":"https:\/\/archive.sana.sy\/es\/index.php?rest_route=\/wp\/v2\/posts\/124836"}],"collection":[{"href":"https:\/\/archive.sana.sy\/es\/index.php?rest_route=\/wp\/v2\/posts"}],"about":[{"href":"https:\/\/archive.sana.sy\/es\/index.php?rest_route=\/wp\/v2\/types\/post"}],"author":[{"embeddable":true,"href":"https:\/\/archive.sana.sy\/es\/index.php?rest_route=\/wp\/v2\/users\/1"}],"replies":[{"embeddable":true,"href":"https:\/\/archive.sana.sy\/es\/index.php?rest_route=%2Fwp%2Fv2%2Fcomments&post=124836"}],"version-history":[{"count":0,"href":"https:\/\/archive.sana.sy\/es\/index.php?rest_route=\/wp\/v2\/posts\/124836\/revisions"}],"wp:featuredmedia":[{"embeddable":true,"href":"https:\/\/archive.sana.sy\/es\/index.php?rest_route=\/wp\/v2\/media\/124837"}],"wp:attachment":[{"href":"https:\/\/archive.sana.sy\/es\/index.php?rest_route=%2Fwp%2Fv2%2Fmedia&parent=124836"}],"wp:term":[{"taxonomy":"category","embeddable":true,"href":"https:\/\/archive.sana.sy\/es\/index.php?rest_route=%2Fwp%2Fv2%2Fcategories&post=124836"},{"taxonomy":"post_tag","embeddable":true,"href":"https:\/\/archive.sana.sy\/es\/index.php?rest_route=%2Fwp%2Fv2%2Ftags&post=124836"}],"curies":[{"name":"wp","href":"https:\/\/api.w.org\/{rel}","templated":true}]}}