{"id":124847,"date":"2019-12-22T21:26:42","date_gmt":"2019-12-22T19:26:42","guid":{"rendered":"http:\/\/sana.sy\/es\/?p=124847"},"modified":"2019-12-23T06:46:07","modified_gmt":"2019-12-23T04:46:07","slug":"interceptado-avion-dron-de-terroristas-en-el-campo-de-salamieh","status":"publish","type":"post","link":"https:\/\/archive.sana.sy\/es\/?p=124847","title":{"rendered":"Interceptado avi\u00f3n DRON de terroristas en el campo de Salamieh"},"content":{"rendered":"<p>Hama-SANA<\/p>\n<p>El ej\u00e9rcito sirio derrib\u00f3 un avi\u00f3n no tripulado DRON de los terroristas, cargado con bombas en la regi\u00f3n de Tal Derah, Campo oeste de Salamieh.<\/p>\n<p><img loading=\"lazy\" decoding=\"async\" class=\"alignnone size-medium wp-image-124849\" src=\"http:\/\/sana.sy\/es\/wp-content\/uploads\/2019\/12\/321-300x200.jpg\" alt=\"\" width=\"300\" height=\"200\" srcset=\"https:\/\/archive.sana.sy\/es\/wp-content\/uploads\/2019\/12\/321-300x200.jpg 300w, https:\/\/archive.sana.sy\/es\/wp-content\/uploads\/2019\/12\/321-1024x684.jpg 1024w, https:\/\/archive.sana.sy\/es\/wp-content\/uploads\/2019\/12\/321-150x100.jpg 150w, https:\/\/archive.sana.sy\/es\/wp-content\/uploads\/2019\/12\/321-768x513.jpg 768w, https:\/\/archive.sana.sy\/es\/wp-content\/uploads\/2019\/12\/321-1536x1026.jpg 1536w, https:\/\/archive.sana.sy\/es\/wp-content\/uploads\/2019\/12\/321-2048x1368.jpg 2048w\" sizes=\"(max-width: 300px) 100vw, 300px\" \/><\/p>\n<p><img loading=\"lazy\" decoding=\"async\" class=\"alignnone size-medium wp-image-124850\" src=\"http:\/\/sana.sy\/es\/wp-content\/uploads\/2019\/12\/22-225x300.jpg\" alt=\"\" width=\"225\" height=\"300\" srcset=\"https:\/\/archive.sana.sy\/es\/wp-content\/uploads\/2019\/12\/22-225x300.jpg 225w, https:\/\/archive.sana.sy\/es\/wp-content\/uploads\/2019\/12\/22-768x1024.jpg 768w, https:\/\/archive.sana.sy\/es\/wp-content\/uploads\/2019\/12\/22-113x150.jpg 113w, https:\/\/archive.sana.sy\/es\/wp-content\/uploads\/2019\/12\/22-1152x1536.jpg 1152w, https:\/\/archive.sana.sy\/es\/wp-content\/uploads\/2019\/12\/22-1536x2048.jpg 1536w, https:\/\/archive.sana.sy\/es\/wp-content\/uploads\/2019\/12\/22.jpg 1920w\" sizes=\"(max-width: 225px) 100vw, 225px\" \/><\/p>\n<p>Y.K.<\/p>\n","protected":false},"excerpt":{"rendered":"<p>Hama-SANA El ej\u00e9rcito sirio derrib\u00f3 un avi\u00f3n no tripulado DRON de los terroristas, cargado con bombas en la regi\u00f3n de Tal Derah, Campo oeste de Salamieh. Y.K.<\/p>\n","protected":false},"author":1,"featured_media":124848,"comment_status":"closed","ping_status":"closed","sticky":false,"template":"","format":"standard","meta":{"footnotes":""},"categories":[1],"tags":[],"class_list":["post-124847","post","type-post","status-publish","format-standard","has-post-thumbnail","","category-news-not-sorted"],"_links":{"self":[{"href":"https:\/\/archive.sana.sy\/es\/index.php?rest_route=\/wp\/v2\/posts\/124847"}],"collection":[{"href":"https:\/\/archive.sana.sy\/es\/index.php?rest_route=\/wp\/v2\/posts"}],"about":[{"href":"https:\/\/archive.sana.sy\/es\/index.php?rest_route=\/wp\/v2\/types\/post"}],"author":[{"embeddable":true,"href":"https:\/\/archive.sana.sy\/es\/index.php?rest_route=\/wp\/v2\/users\/1"}],"replies":[{"embeddable":true,"href":"https:\/\/archive.sana.sy\/es\/index.php?rest_route=%2Fwp%2Fv2%2Fcomments&post=124847"}],"version-history":[{"count":0,"href":"https:\/\/archive.sana.sy\/es\/index.php?rest_route=\/wp\/v2\/posts\/124847\/revisions"}],"wp:featuredmedia":[{"embeddable":true,"href":"https:\/\/archive.sana.sy\/es\/index.php?rest_route=\/wp\/v2\/media\/124848"}],"wp:attachment":[{"href":"https:\/\/archive.sana.sy\/es\/index.php?rest_route=%2Fwp%2Fv2%2Fmedia&parent=124847"}],"wp:term":[{"taxonomy":"category","embeddable":true,"href":"https:\/\/archive.sana.sy\/es\/index.php?rest_route=%2Fwp%2Fv2%2Fcategories&post=124847"},{"taxonomy":"post_tag","embeddable":true,"href":"https:\/\/archive.sana.sy\/es\/index.php?rest_route=%2Fwp%2Fv2%2Ftags&post=124847"}],"curies":[{"name":"wp","href":"https:\/\/api.w.org\/{rel}","templated":true}]}}