{"id":124857,"date":"2019-12-23T06:00:57","date_gmt":"2019-12-23T04:00:57","guid":{"rendered":"http:\/\/sana.sy\/es\/?p=124857"},"modified":"2019-12-23T16:15:32","modified_gmt":"2019-12-23T14:15:32","slug":"ejercito-intercepta-drones-terroristas-en-provincias-de-hama-y-latakia-fotos","status":"publish","type":"post","link":"https:\/\/archive.sana.sy\/es\/?p=124857","title":{"rendered":"Ej\u00e9rcito intercepta drones terroristas en provincias de Hama y Latakia. (+fotos)"},"content":{"rendered":"<p style=\"text-align: justify;\"><strong><span style=\"color: #800000;\">Hama, SANA<\/span><\/strong><\/p>\n<p style=\"text-align: justify;\">El ej\u00e9rcito \u00e1rabe sirio derrib\u00f3 hoy drones terroristas en las provincias de Latakia y Hama.<\/p>\n<p style=\"text-align: justify;\">Seg\u00fan reportes del corresponsal de SANA, los militares sirios derribaron un dron en el cielo de la ciudad costera siria de Jableh en la provincia de Latakia, pocos minutos despu\u00e9s de neutralizar otros drones encima de la base a\u00e9rea de Hama, en el centro del pa\u00eds.<\/p>\n<p style=\"text-align: justify;\">Anteriormente, un avi\u00f3n no tripulado de los terroristas, cargado con bombas, fue derribado por el ej\u00e9rcito en la localidad de Tel Derah, cerca del municipio de Salamieh, en el este de la provincia de Hama.<\/p>\n<p style=\"text-align: justify;\"><span style=\"color: #0000ff;\"><strong>F.M<\/strong><\/span><\/p>\n<div id='gallery-1' class='gallery galleryid-124857 gallery-columns-1 gallery-size-large'><figure class='gallery-item'>\n\t\t\t<div class='gallery-icon portrait'>\n\t\t\t\t<a href='https:\/\/archive.sana.sy\/es\/wp-content\/uploads\/2019\/12\/22.jpg'><img loading=\"lazy\" decoding=\"async\" width=\"618\" height=\"824\" src=\"https:\/\/archive.sana.sy\/es\/wp-content\/uploads\/2019\/12\/22-768x1024.jpg\" class=\"attachment-large size-large\" alt=\"\" srcset=\"https:\/\/archive.sana.sy\/es\/wp-content\/uploads\/2019\/12\/22-768x1024.jpg 768w, https:\/\/archive.sana.sy\/es\/wp-content\/uploads\/2019\/12\/22-225x300.jpg 225w, https:\/\/archive.sana.sy\/es\/wp-content\/uploads\/2019\/12\/22-113x150.jpg 113w, https:\/\/archive.sana.sy\/es\/wp-content\/uploads\/2019\/12\/22-1152x1536.jpg 1152w, https:\/\/archive.sana.sy\/es\/wp-content\/uploads\/2019\/12\/22-1536x2048.jpg 1536w, https:\/\/archive.sana.sy\/es\/wp-content\/uploads\/2019\/12\/22.jpg 1920w\" sizes=\"(max-width: 618px) 100vw, 618px\" \/><\/a>\n\t\t\t<\/div><\/figure><figure class='gallery-item'>\n\t\t\t<div class='gallery-icon landscape'>\n\t\t\t\t<a href='https:\/\/archive.sana.sy\/es\/wp-content\/uploads\/2019\/12\/321.jpg'><img loading=\"lazy\" decoding=\"async\" width=\"618\" height=\"413\" src=\"https:\/\/archive.sana.sy\/es\/wp-content\/uploads\/2019\/12\/321-1024x684.jpg\" class=\"attachment-large size-large\" alt=\"\" srcset=\"https:\/\/archive.sana.sy\/es\/wp-content\/uploads\/2019\/12\/321-1024x684.jpg 1024w, https:\/\/archive.sana.sy\/es\/wp-content\/uploads\/2019\/12\/321-300x200.jpg 300w, https:\/\/archive.sana.sy\/es\/wp-content\/uploads\/2019\/12\/321-150x100.jpg 150w, https:\/\/archive.sana.sy\/es\/wp-content\/uploads\/2019\/12\/321-768x513.jpg 768w, https:\/\/archive.sana.sy\/es\/wp-content\/uploads\/2019\/12\/321-1536x1026.jpg 1536w, https:\/\/archive.sana.sy\/es\/wp-content\/uploads\/2019\/12\/321-2048x1368.jpg 2048w, https:\/\/archive.sana.sy\/es\/wp-content\/uploads\/2019\/12\/321-110x75.jpg 110w\" sizes=\"(max-width: 618px) 100vw, 618px\" \/><\/a>\n\t\t\t<\/div><\/figure><figure class='gallery-item'>\n\t\t\t<div class='gallery-icon landscape'>\n\t\t\t\t<a href='https:\/\/archive.sana.sy\/es\/wp-content\/uploads\/2019\/12\/ewewe-660x330-1.jpg'><img loading=\"lazy\" decoding=\"async\" width=\"618\" height=\"309\" src=\"https:\/\/archive.sana.sy\/es\/wp-content\/uploads\/2019\/12\/ewewe-660x330-1.jpg\" class=\"attachment-large size-large\" alt=\"\" srcset=\"https:\/\/archive.sana.sy\/es\/wp-content\/uploads\/2019\/12\/ewewe-660x330-1.jpg 660w, https:\/\/archive.sana.sy\/es\/wp-content\/uploads\/2019\/12\/ewewe-660x330-1-300x150.jpg 300w, https:\/\/archive.sana.sy\/es\/wp-content\/uploads\/2019\/12\/ewewe-660x330-1-150x75.jpg 150w\" sizes=\"(max-width: 618px) 100vw, 618px\" \/><\/a>\n\t\t\t<\/div><\/figure>\n\t\t<\/div>\n\n<p style=\"text-align: justify;\">\n","protected":false},"excerpt":{"rendered":"<p>Hama, SANA El ej\u00e9rcito \u00e1rabe sirio derrib\u00f3 hoy drones terroristas en las provincias de Latakia y Hama. Seg\u00fan reportes del corresponsal de SANA, los militares sirios derribaron un dron en el cielo de la ciudad costera siria de Jableh en la provincia de Latakia, pocos minutos despu\u00e9s de neutralizar otros drones encima de la base &hellip;<\/p>\n","protected":false},"author":34,"featured_media":124848,"comment_status":"closed","ping_status":"closed","sticky":false,"template":"","format":"standard","meta":{"footnotes":""},"categories":[597,573,476,7541,1],"tags":[],"class_list":["post-124857","post","type-post","status-publish","format-standard","has-post-thumbnail","","category-cinta-de-noticias","category-la-realidad-de-los-acontecimientos-en-siria","category-locales","category-ultimas-noticias","category-news-not-sorted"],"_links":{"self":[{"href":"https:\/\/archive.sana.sy\/es\/index.php?rest_route=\/wp\/v2\/posts\/124857"}],"collection":[{"href":"https:\/\/archive.sana.sy\/es\/index.php?rest_route=\/wp\/v2\/posts"}],"about":[{"href":"https:\/\/archive.sana.sy\/es\/index.php?rest_route=\/wp\/v2\/types\/post"}],"author":[{"embeddable":true,"href":"https:\/\/archive.sana.sy\/es\/index.php?rest_route=\/wp\/v2\/users\/34"}],"replies":[{"embeddable":true,"href":"https:\/\/archive.sana.sy\/es\/index.php?rest_route=%2Fwp%2Fv2%2Fcomments&post=124857"}],"version-history":[{"count":0,"href":"https:\/\/archive.sana.sy\/es\/index.php?rest_route=\/wp\/v2\/posts\/124857\/revisions"}],"wp:featuredmedia":[{"embeddable":true,"href":"https:\/\/archive.sana.sy\/es\/index.php?rest_route=\/wp\/v2\/media\/124848"}],"wp:attachment":[{"href":"https:\/\/archive.sana.sy\/es\/index.php?rest_route=%2Fwp%2Fv2%2Fmedia&parent=124857"}],"wp:term":[{"taxonomy":"category","embeddable":true,"href":"https:\/\/archive.sana.sy\/es\/index.php?rest_route=%2Fwp%2Fv2%2Fcategories&post=124857"},{"taxonomy":"post_tag","embeddable":true,"href":"https:\/\/archive.sana.sy\/es\/index.php?rest_route=%2Fwp%2Fv2%2Ftags&post=124857"}],"curies":[{"name":"wp","href":"https:\/\/api.w.org\/{rel}","templated":true}]}}