{"id":124862,"date":"2019-12-23T06:51:34","date_gmt":"2019-12-23T04:51:34","guid":{"rendered":"http:\/\/sana.sy\/es\/?p=124862"},"modified":"2019-12-23T06:51:34","modified_gmt":"2019-12-23T04:51:34","slug":"defensas-antiaereas-del-ejercito-interceptan-misiles-procedentes-de-los-territorios-ocupados","status":"publish","type":"post","link":"https:\/\/archive.sana.sy\/es\/?p=124862","title":{"rendered":"Defensas antia\u00e9reas del ej\u00e9rcito interceptan misiles procedentes de los territorios ocupados"},"content":{"rendered":"<p><strong><span style=\"color: #800000;\">Damasco-campo, SANA<\/span><\/strong><\/p>\n<p>Las defensas antia\u00e9reas del ej\u00e9rcito \u00e1rabe sirio interceptaron misiles hostiles procedentes de los territorios ocupados.<\/p>\n<p>\u201cNuestra defensa antia\u00e9rea intercept\u00f3 a las 23:00 horas a misiles procedentes de los territorios ocupados\u201d, report\u00f3 el corresponsal de SANA.<\/p>\n<p>Agreg\u00f3 que uno de los blancos a\u00e9reos hostiles fue derribado encima de la localidad de Aqraba en la provincia de Damasco-campo.<\/p>\n<p>El ente sionista procede a bombardear blancos en Siria con el objetivo de elevar la moral de los terroristas y debilitar las capacidades del ej\u00e9rcito sirio adquiri\u00f3 enormes experiencia durante nueve a\u00f1os de guerra terrorista impuesta y desarroll\u00f3 sus capacidades de defensa antia\u00e9rea.<\/p>\n<p><strong><span style=\"color: #0000ff;\">F.M<\/span><\/strong><\/p>\n","protected":false},"excerpt":{"rendered":"<p>Damasco-campo, SANA Las defensas antia\u00e9reas del ej\u00e9rcito \u00e1rabe sirio interceptaron misiles hostiles procedentes de los territorios ocupados. \u201cNuestra defensa antia\u00e9rea intercept\u00f3 a las 23:00 horas a misiles procedentes de los territorios ocupados\u201d, report\u00f3 el corresponsal de SANA. Agreg\u00f3 que uno de los blancos a\u00e9reos hostiles fue derribado encima de la localidad de Aqraba en la &hellip;<\/p>\n","protected":false},"author":34,"featured_media":124854,"comment_status":"closed","ping_status":"closed","sticky":false,"template":"","format":"standard","meta":{"footnotes":""},"categories":[597,573,476,7541],"tags":[],"class_list":["post-124862","post","type-post","status-publish","format-standard","has-post-thumbnail","","category-cinta-de-noticias","category-la-realidad-de-los-acontecimientos-en-siria","category-locales","category-ultimas-noticias"],"_links":{"self":[{"href":"https:\/\/archive.sana.sy\/es\/index.php?rest_route=\/wp\/v2\/posts\/124862"}],"collection":[{"href":"https:\/\/archive.sana.sy\/es\/index.php?rest_route=\/wp\/v2\/posts"}],"about":[{"href":"https:\/\/archive.sana.sy\/es\/index.php?rest_route=\/wp\/v2\/types\/post"}],"author":[{"embeddable":true,"href":"https:\/\/archive.sana.sy\/es\/index.php?rest_route=\/wp\/v2\/users\/34"}],"replies":[{"embeddable":true,"href":"https:\/\/archive.sana.sy\/es\/index.php?rest_route=%2Fwp%2Fv2%2Fcomments&post=124862"}],"version-history":[{"count":0,"href":"https:\/\/archive.sana.sy\/es\/index.php?rest_route=\/wp\/v2\/posts\/124862\/revisions"}],"wp:featuredmedia":[{"embeddable":true,"href":"https:\/\/archive.sana.sy\/es\/index.php?rest_route=\/wp\/v2\/media\/124854"}],"wp:attachment":[{"href":"https:\/\/archive.sana.sy\/es\/index.php?rest_route=%2Fwp%2Fv2%2Fmedia&parent=124862"}],"wp:term":[{"taxonomy":"category","embeddable":true,"href":"https:\/\/archive.sana.sy\/es\/index.php?rest_route=%2Fwp%2Fv2%2Fcategories&post=124862"},{"taxonomy":"post_tag","embeddable":true,"href":"https:\/\/archive.sana.sy\/es\/index.php?rest_route=%2Fwp%2Fv2%2Ftags&post=124862"}],"curies":[{"name":"wp","href":"https:\/\/api.w.org\/{rel}","templated":true}]}}