{"id":125012,"date":"2019-12-25T15:25:26","date_gmt":"2019-12-25T13:25:26","guid":{"rendered":"http:\/\/sana.sy\/es\/?p=125012"},"modified":"2023-01-10T14:34:45","modified_gmt":"2023-01-10T12:34:45","slug":"comando-general-del-ejercito-mas-de-40-localidades-en-idleb-han-sido-liberadas-del-terrorismo","status":"publish","type":"post","link":"https:\/\/archive.sana.sy\/es\/?p=125012","title":{"rendered":"Ej\u00e9rcito libera a 40 localidades y est\u00e1 determinado a liberar todo Idleb del terrorismo"},"content":{"rendered":"<p style=\"text-align: justify;\"><strong><span style=\"color: #800000;\">Damasco, SANA<\/span><\/strong><\/p>\n<p style=\"text-align: justify;\">El Comando General del Ej\u00e9rcito y las Fuerzas Armadas anunci\u00f3 hoy que \u201cunidades de las fuerzas armadas contin\u00faan su ofensiva antiterrorista en los frentes sur y sudeste de la provincia de Idleb, en medio de un colapso sucesivo en las filas de las organizaciones terroristas armadas cuyas sedes fueron destruidas y numerosos de sus integrantes y cabecillas han sido abatidos.<\/p>\n<p style=\"text-align: justify;\">\u201cDurante los \u00faltimos d\u00edas, los valientes soldados del ej\u00e9rcito cumplieron con eficacia su misi\u00f3n combativa y pudieron liberar del terrorismo a un \u00e1rea de m\u00e1s de 320 kil\u00f3metros cuadrados y expulsar a los yihadistas del &#8220;Frente Al-Nousra&#8221; y otras organizaciones terroristas armadas de m\u00e1s de cuarenta ciudades y pueblos\u201d, afirm\u00f3 el Ej\u00e9rcito en una declaraci\u00f3n.<\/p>\n<p style=\"text-align: justify;\">Reafirm\u00f3 la determinaci\u00f3n de las Fuerzas Armadas de completar la liberaci\u00f3n de la gobernaci\u00f3n de Idleb del terrorismo y sus patrocinadores.<\/p>\n<p style=\"text-align: justify;\">\u201cExpresamos nuestro celo por la vida de todos los civiles indefensos y los llamamos a alejarse de las zonas donde est\u00e1n desplegados los radicales y salir hacia las zonas con presencia de las unidades del ej\u00e9rcito \u00e1rabe sirio para protegerlos y liberarlos del terrorismo en todas sus formas y nombres\u201d, agreg\u00f3 el texto de la declaraci\u00f3n.<\/p>\n<p style=\"text-align: justify;\">Acot\u00f3 que \u201cla operaci\u00f3n antiterrorista continuar\u00e1 hasta que el Ej\u00e9rcito \u00c1rabe Sirio complete la liberaci\u00f3n de todas las \u00e1reas ocupadas por terroristas y agentes, sean cuales sean sus denominaciones y dondequiera que se encuentren, y hasta que la bandera de la Rep\u00fablica \u00c1rabe Siria vuelva a flotar sobre toda la geograf\u00eda marcando la victoria completa y sobre el terrorismo, sus patrocinadores y partidarios.<\/p>\n<p style=\"text-align: justify;\"><strong><span style=\"color: #0000ff;\">F.M<\/span><\/strong><\/p>\n","protected":false},"excerpt":{"rendered":"<p>Damasco, SANA El Comando General del Ej\u00e9rcito y las Fuerzas Armadas anunci\u00f3 hoy que \u201cunidades de las fuerzas armadas contin\u00faan su ofensiva antiterrorista en los frentes sur y sudeste de la provincia de Idleb, en medio de un colapso sucesivo en las filas de las organizaciones terroristas armadas cuyas sedes fueron destruidas y numerosos de &hellip;<\/p>\n","protected":false},"author":34,"featured_media":125029,"comment_status":"closed","ping_status":"closed","sticky":false,"template":"","format":"standard","meta":{"footnotes":""},"categories":[447,597,573,476,7541],"tags":[],"class_list":["post-125012","post","type-post","status-publish","format-standard","has-post-thumbnail","","category-local-politica","category-cinta-de-noticias","category-la-realidad-de-los-acontecimientos-en-siria","category-locales","category-ultimas-noticias"],"_links":{"self":[{"href":"https:\/\/archive.sana.sy\/es\/index.php?rest_route=\/wp\/v2\/posts\/125012"}],"collection":[{"href":"https:\/\/archive.sana.sy\/es\/index.php?rest_route=\/wp\/v2\/posts"}],"about":[{"href":"https:\/\/archive.sana.sy\/es\/index.php?rest_route=\/wp\/v2\/types\/post"}],"author":[{"embeddable":true,"href":"https:\/\/archive.sana.sy\/es\/index.php?rest_route=\/wp\/v2\/users\/34"}],"replies":[{"embeddable":true,"href":"https:\/\/archive.sana.sy\/es\/index.php?rest_route=%2Fwp%2Fv2%2Fcomments&post=125012"}],"version-history":[{"count":0,"href":"https:\/\/archive.sana.sy\/es\/index.php?rest_route=\/wp\/v2\/posts\/125012\/revisions"}],"wp:featuredmedia":[{"embeddable":true,"href":"https:\/\/archive.sana.sy\/es\/index.php?rest_route=\/wp\/v2\/media\/125029"}],"wp:attachment":[{"href":"https:\/\/archive.sana.sy\/es\/index.php?rest_route=%2Fwp%2Fv2%2Fmedia&parent=125012"}],"wp:term":[{"taxonomy":"category","embeddable":true,"href":"https:\/\/archive.sana.sy\/es\/index.php?rest_route=%2Fwp%2Fv2%2Fcategories&post=125012"},{"taxonomy":"post_tag","embeddable":true,"href":"https:\/\/archive.sana.sy\/es\/index.php?rest_route=%2Fwp%2Fv2%2Ftags&post=125012"}],"curies":[{"name":"wp","href":"https:\/\/api.w.org\/{rel}","templated":true}]}}