{"id":125044,"date":"2019-12-24T22:00:06","date_gmt":"2019-12-24T20:00:06","guid":{"rendered":"http:\/\/sana.sy\/es\/?p=125044"},"modified":"2019-12-24T22:48:09","modified_gmt":"2019-12-24T20:48:09","slug":"al-moallem-las-relaciones-sirio-rusas-son-historicas-y-solidas-washington-utiliza-a-daesh-para-continuar-su-ocupacion-de-los-pozos-petroleros-sirios","status":"publish","type":"post","link":"https:\/\/archive.sana.sy\/es\/?p=125044","title":{"rendered":"Al-Moallem: Washington utiliza el Daesh como pretexto para mantener su ocupaci\u00f3n a los campos petroleros sirios"},"content":{"rendered":"<p><span style=\"color: #800000;\">Mosc\u00fa, SANA<\/span><\/p>\n<p style=\"text-align: justify;\">El Viceprimer Ministro y Ministro de Exteriores y Emigrantes, Walid Al-Moallem, dijo hoy que las relaciones de Siria con la Federaci\u00f3n de Rusia son hist\u00f3ricas y s\u00f3lidas, y que las visitas mutuas entre funcionarios de los dos pa\u00edses se producen en el marco de profundizar la coordinaci\u00f3n y cooperaci\u00f3n en varios campos.<\/p>\n<p style=\"text-align: justify;\">En una entrevista con la cadena rusa Russia Today, el canciller sirio aclar\u00f3 que sus conversaciones sostenidas al margen de su visita a Mosc\u00fa al frente de la delegaci\u00f3n siria participante en el d\u00e9cimo segundo periodo de sesiones de la Comisi\u00f3n Mixta Sirio-rusa para la Cooperaci\u00f3n Comercial, Econ\u00f3mica y Cient\u00edfica, abordaron varios aspectos de la cooperaci\u00f3n actual y futura mediante la implementaci\u00f3n de proyectos en Siria por parte de las compa\u00f1\u00edas rusas.<\/p>\n<p style=\"text-align: justify;\">\u201cEsperamos llevar nuestras relaciones econ\u00f3micas al nivel de nuestros v\u00ednculos pol\u00edticos y militares\u201d, expres\u00f3 al-Moallem.<\/p>\n<p style=\"text-align: justify;\">En respuesta a una pregunta sobre la ley \u201cC\u00e9sar\u201d que impuso nuevas medidas coercitivas estadounidenses contra el pueblo sirio, el jefe de la diplomacia siria coment\u00f3 que esta ley forma parte de una pol\u00edtica estadounidense aplicada no s\u00f3lo contra Siria sino incluso contra los aliados y amigos de Estados Unidos, como por ejemplo las sanciones impuestas a las empresas que trabajan en la construcci\u00f3n del gasoducto \u201cNorth Stream II\u201d que lleva gas desde Rusia a Europa.<\/p>\n<p style=\"text-align: justify;\">El alto diplom\u00e1tico sirio indic\u00f3 que el grupo terrorista Daesh a\u00fan est\u00e1 presente y los estadounidenses lo est\u00e1n usando como pretexto para justificar su continua ocupaci\u00f3n a los pozos de petr\u00f3leo sirios.<\/p>\n<p style=\"text-align: justify;\">\u201cQuien luch\u00f3 contra \u201cDaesh\u201d es el ej\u00e9rcito sirio y la poblaci\u00f3n de Al-Jazeera sabe la magnitud de los sacrificios hechos por nuestro ej\u00e9rcito\u201d, afirm\u00f3.<\/p>\n<p style=\"text-align: justify;\"><span style=\"color: #0000ff;\">Al-Moallem: la pol\u00edtica de Siria se basa en liberar cada pulgada del territorio sirio<\/span><\/p>\n<p style=\"text-align: justify;\">El ministro Al-Moallem indic\u00f3 que las operaciones del ej\u00e9rcito sirio en Idleb son parte de una pol\u00edtica fijada por el presidente Bashar al-Assad y encaminada a liberar cada pulgada del territorio de la Rep\u00fablica \u00c1rabe Siria.<\/p>\n<p style=\"text-align: justify;\">Al-Moallem rechaz\u00f3 todos los pretextos del enemigo israel\u00ed para lanzar ataques contra Siria y los asemej\u00f3 con los pretextos de Turqu\u00eda con el tema de los kurdos y los de Estados Unidos con el tema de \u201cDaesh\u201d, y tach\u00f3 a todos de falsas alegaciones que se usan para comercializar su agresi\u00f3n contra Siria.<\/p>\n<p style=\"text-align: justify;\"><span style=\"color: #0000ff;\">Al-Moallem: el r\u00e9gimen turco est\u00e1 llevando a cabo una limpieza \u00e9tnica y un cambio demogr\u00e1fico en Siria<\/span><\/p>\n<p style=\"text-align: justify;\">Sobre la posibilidad de celebrar una reuni\u00f3n con una delegaci\u00f3n turca en Mosc\u00fa, el ministro Al-Moallem revel\u00f3 que \u201cteniendo en cuenta la ocupaci\u00f3n turca de tierras sirias debemos siempre pensar en las ventajas de la reuni\u00f3n, y si conducir\u00e1 a la liberaci\u00f3n de esas tierras o solo es una reuni\u00f3n sin nada concreto, y si es as\u00ed, no estamos interesados.\u201d<\/p>\n<p style=\"text-align: justify;\">Dej\u00f3 claro que el r\u00e9gimen turco no cumpli\u00f3 sus obligaciones en virtud del acuerdo turco-ruso sobre la regi\u00f3n siria de Al-Jazeera, y por lo tanto la otra opci\u00f3n es la militar en esa regi\u00f3n.<\/p>\n<p style=\"text-align: justify;\">Tach\u00f3 de peligrosa a la pol\u00edtica de los turcos que est\u00e1n haciendo una limpieza \u00e9tnica en Siria al reemplazar a la poblaci\u00f3n original con otra y como lo que sucedi\u00f3 en Afr\u00edn, Yarabulus y otras regiones, adem\u00e1s del cambio demogr\u00e1fico, la introducci\u00f3n de enfoques de estudio turcos en las escuelas y el cambio de los nombres de las calles.<\/p>\n<p style=\"text-align: justify;\"><span style=\"color: #0000ff;\">Al-Moallem: Occidente impide el regreso de refugiados sirios y usa ese tema como carta de presi\u00f3n pol\u00edtica.<\/span><\/p>\n<p style=\"text-align: justify;\">\u201cSiria no ha hecho ni har\u00e1 concesiones a nadie; y el Estado sirio ofrece facilidades y pone todas sus potencialidades para garantizar un retorno digno a los refugiados, pero los pa\u00edses occidentales impiden su regreso y usa este tema como arma pol\u00edtica contra el Estado sirio\u201d, concluy\u00f3.<\/p>\n<p><span style=\"color: #0000ff;\">MM\/ FM\/ RR<\/span><\/p>\n","protected":false},"excerpt":{"rendered":"<p>Mosc\u00fa, SANA El Viceprimer Ministro y Ministro de Exteriores y Emigrantes, Walid Al-Moallem, dijo hoy que las relaciones de Siria con la Federaci\u00f3n de Rusia son hist\u00f3ricas y s\u00f3lidas, y que las visitas mutuas entre funcionarios de los dos pa\u00edses se producen en el marco de profundizar la coordinaci\u00f3n y cooperaci\u00f3n en varios campos. En &hellip;<\/p>\n","protected":false},"author":31,"featured_media":125045,"comment_status":"closed","ping_status":"closed","sticky":false,"template":"","format":"standard","meta":{"footnotes":""},"categories":[597,467,7541],"tags":[],"class_list":["post-125044","post","type-post","status-publish","format-standard","has-post-thumbnail","","category-cinta-de-noticias","category-siria-y-el-mundo","category-ultimas-noticias"],"_links":{"self":[{"href":"https:\/\/archive.sana.sy\/es\/index.php?rest_route=\/wp\/v2\/posts\/125044"}],"collection":[{"href":"https:\/\/archive.sana.sy\/es\/index.php?rest_route=\/wp\/v2\/posts"}],"about":[{"href":"https:\/\/archive.sana.sy\/es\/index.php?rest_route=\/wp\/v2\/types\/post"}],"author":[{"embeddable":true,"href":"https:\/\/archive.sana.sy\/es\/index.php?rest_route=\/wp\/v2\/users\/31"}],"replies":[{"embeddable":true,"href":"https:\/\/archive.sana.sy\/es\/index.php?rest_route=%2Fwp%2Fv2%2Fcomments&post=125044"}],"version-history":[{"count":0,"href":"https:\/\/archive.sana.sy\/es\/index.php?rest_route=\/wp\/v2\/posts\/125044\/revisions"}],"wp:featuredmedia":[{"embeddable":true,"href":"https:\/\/archive.sana.sy\/es\/index.php?rest_route=\/wp\/v2\/media\/125045"}],"wp:attachment":[{"href":"https:\/\/archive.sana.sy\/es\/index.php?rest_route=%2Fwp%2Fv2%2Fmedia&parent=125044"}],"wp:term":[{"taxonomy":"category","embeddable":true,"href":"https:\/\/archive.sana.sy\/es\/index.php?rest_route=%2Fwp%2Fv2%2Fcategories&post=125044"},{"taxonomy":"post_tag","embeddable":true,"href":"https:\/\/archive.sana.sy\/es\/index.php?rest_route=%2Fwp%2Fv2%2Ftags&post=125044"}],"curies":[{"name":"wp","href":"https:\/\/api.w.org\/{rel}","templated":true}]}}