{"id":125061,"date":"2019-12-24T23:14:29","date_gmt":"2019-12-24T21:14:29","guid":{"rendered":"http:\/\/sana.sy\/es\/?p=125061"},"modified":"2023-01-12T14:44:58","modified_gmt":"2023-01-12T12:44:58","slug":"siria-e-iraq-examinan-promover-el-transporte-terrestre-entre-los-dos-paises","status":"publish","type":"post","link":"https:\/\/archive.sana.sy\/es\/?p=125061","title":{"rendered":"Siria e Iraq examinan promover el transporte terrestre entre los dos pa\u00edses"},"content":{"rendered":"<p><span style=\"color: #800000;\">Bagdad, SANA <\/span><\/p>\n<p style=\"text-align: justify;\">El ministro de Interior iraqu\u00ed, Yassin Taher Al-Yasiri, examin\u00f3 con el embajador sirio en Irak, Sattam Jadaan Al-Dandah, las relaciones bilaterales entre los dos pa\u00edses y las formas de desarrollarlas.<\/p>\n<p style=\"text-align: justify;\">&#8220;Las dos partes abordaron varias cuestiones comunes y las formas de fortalecer las condiciones de seguridad sirio-iraqu\u00ed&#8221;, dijo el Ministerio de Interior iraqu\u00ed en un comunicado emitido el martes.<\/p>\n<p style=\"text-align: justify;\">El embajador dijo en declaraciones a la agencia SANA que la reuni\u00f3n destac\u00f3 la necesidad de elevar el nivel de las relaciones que unen a ambos Estados.<\/p>\n<p style=\"text-align: justify;\">Al-Dandah agreg\u00f3 que \u201cdurante el encuentro se discutieron los medios proporcionar las facilitaciones en torno a las visas de entrada para ciudadanos sirios, conductores de camiones y veh\u00edculos de transporte p\u00fablico y procedimientos relacionados con organizar el transporte terrestre de carga y facilitar los obst\u00e1culos ante el movimiento de bienes y mercanc\u00edas&#8221;.<\/p>\n<p><span style=\"color: #0000ff;\">RR\/ MM<\/span><\/p>\n","protected":false},"excerpt":{"rendered":"<p>Bagdad, SANA El ministro de Interior iraqu\u00ed, Yassin Taher Al-Yasiri, examin\u00f3 con el embajador sirio en Irak, Sattam Jadaan Al-Dandah, las relaciones bilaterales entre los dos pa\u00edses y las formas de desarrollarlas. &#8220;Las dos partes abordaron varias cuestiones comunes y las formas de fortalecer las condiciones de seguridad sirio-iraqu\u00ed&#8221;, dijo el Ministerio de Interior iraqu\u00ed &hellip;<\/p>\n","protected":false},"author":31,"featured_media":125062,"comment_status":"closed","ping_status":"closed","sticky":false,"template":"","format":"standard","meta":{"footnotes":""},"categories":[597,456],"tags":[],"class_list":["post-125061","post","type-post","status-publish","format-standard","has-post-thumbnail","","category-cinta-de-noticias","category-arabe-internacional-politica"],"_links":{"self":[{"href":"https:\/\/archive.sana.sy\/es\/index.php?rest_route=\/wp\/v2\/posts\/125061"}],"collection":[{"href":"https:\/\/archive.sana.sy\/es\/index.php?rest_route=\/wp\/v2\/posts"}],"about":[{"href":"https:\/\/archive.sana.sy\/es\/index.php?rest_route=\/wp\/v2\/types\/post"}],"author":[{"embeddable":true,"href":"https:\/\/archive.sana.sy\/es\/index.php?rest_route=\/wp\/v2\/users\/31"}],"replies":[{"embeddable":true,"href":"https:\/\/archive.sana.sy\/es\/index.php?rest_route=%2Fwp%2Fv2%2Fcomments&post=125061"}],"version-history":[{"count":0,"href":"https:\/\/archive.sana.sy\/es\/index.php?rest_route=\/wp\/v2\/posts\/125061\/revisions"}],"wp:featuredmedia":[{"embeddable":true,"href":"https:\/\/archive.sana.sy\/es\/index.php?rest_route=\/wp\/v2\/media\/125062"}],"wp:attachment":[{"href":"https:\/\/archive.sana.sy\/es\/index.php?rest_route=%2Fwp%2Fv2%2Fmedia&parent=125061"}],"wp:term":[{"taxonomy":"category","embeddable":true,"href":"https:\/\/archive.sana.sy\/es\/index.php?rest_route=%2Fwp%2Fv2%2Fcategories&post=125061"},{"taxonomy":"post_tag","embeddable":true,"href":"https:\/\/archive.sana.sy\/es\/index.php?rest_route=%2Fwp%2Fv2%2Ftags&post=125061"}],"curies":[{"name":"wp","href":"https:\/\/api.w.org\/{rel}","templated":true}]}}