{"id":125074,"date":"2019-12-25T09:32:24","date_gmt":"2019-12-25T07:32:24","guid":{"rendered":"http:\/\/sana.sy\/es\/?p=125074"},"modified":"2019-12-25T09:32:24","modified_gmt":"2019-12-25T07:32:24","slug":"sintesis-de-las-noticias-de-siria-en-las-ultimas-24-horas","status":"publish","type":"post","link":"https:\/\/archive.sana.sy\/es\/?p=125074","title":{"rendered":"S\u00edntesis de las noticias de Siria en las \u00faltimas 24 horas"},"content":{"rendered":"<div>\n<p style=\"text-align: justify;\"><span style=\"color: #800000;\"><b><u><span lang=\"ES-TRAD\">Damasco, SANA<\/span><\/u><\/b><\/span><b><\/b><\/p>\n<p style=\"text-align: justify;\"><span lang=\"ES-TRAD\">Les ofrecemos a continuaci\u00f3n una s\u00edntesis de las noticias nacionales e internacionales relativas a Siria y difundidas por nuestra agencia en las \u00faltimas 24 horas:<\/span><\/p>\n<p style=\"text-align: justify;\"><b><i><span lang=\"ES-TRAD\">Sumario<\/span><\/i><\/b><\/p>\n<p style=\"text-align: justify;\"><span lang=\"ES-TRAD\">\u00b7\u00a0\u00a0\u00a0\u00a0\u00a0\u00a0\u00a0\u00a0<\/span><i><span lang=\"ES-TRAD\">Ej\u00e9rcito libera a 40 localidades y est\u00e1 determinado a liberar todo Idleb del terrorismo<\/span><\/i><\/p>\n<p style=\"text-align: justify;\"><span lang=\"ES-TRAD\">\u00b7\u00a0\u00a0\u00a0\u00a0\u00a0\u00a0\u00a0\u00a0<\/span><i><span lang=\"ES-TRAD\">Ej\u00e9rcito incauta armas que terroristas ocultaron en pozo de agua en Talbiseh, Homs<\/span><\/i><\/p>\n<p style=\"text-align: justify;\"><span lang=\"ES-TRAD\">\u00b7\u00a0\u00a0\u00a0\u00a0\u00a0\u00a0\u00a0\u00a0<\/span><i><span lang=\"ES-TRAD\">Ej\u00e9rcito neutraliz\u00f3 un dron de los terroristas en el noroeste de Hama<\/span><\/i><\/p>\n<p style=\"text-align: justify;\"><span lang=\"ES-TRAD\">\u00b7\u00a0\u00a0\u00a0\u00a0\u00a0\u00a0\u00a0\u00a0<\/span><i><span lang=\"ES-TRAD\">Vuelve a operar la planta de gas de la regi\u00f3n central que fue blanco de ataque terrorista con drones<\/span><\/i><\/p>\n<p style=\"text-align: justify;\"><span lang=\"ES-TRAD\">\u00b7\u00a0\u00a0\u00a0\u00a0\u00a0\u00a0\u00a0\u00a0<\/span><i><span lang=\"ES-TRAD\">Carnaval navide\u00f1o recorre calles de Tartous<\/span><\/i><\/p>\n<p style=\"text-align: justify;\"><span lang=\"ES-TRAD\">\u00b7\u00a0\u00a0\u00a0\u00a0\u00a0\u00a0\u00a0\u00a0<\/span><i><span lang=\"ES-TRAD\">Calles y casas de Alepo se llenan de alegr\u00eda y esperanza por la Navidad y la victoria sobre el terrorismo<\/span><\/i><\/p>\n<p style=\"text-align: justify;\"><b><i><span lang=\"ES-TRAD\">Noticias<\/span><\/i><\/b><\/p>\n<p style=\"text-align: justify;\"><b><u><span lang=\"ES-TRAD\">Con misas y oraciones, las comunidades cristianas en Siria celebran la Navidad<\/span><\/u><\/b><\/p>\n<p style=\"text-align: justify;\"><span lang=\"ES-TRAD\">Con misas y oraciones en las iglesias y lugares de culto, las comunidades cristianas en Siria celebraron la Navidad, fecha del natalicio de Cristo, Mensajero del Amor y la Paz.<\/span><\/p>\n<p style=\"text-align: justify;\"><span lang=\"ES-TRAD\">En la Catedral Greco-cat\u00f3lica de Nuestra Se\u00f1ora en Damasco, su Beatitud Youssef Al-Absi, el Patriarca de Antioqu\u00eda y Todo Oriente, habl\u00f3 de los sublimes significados de la Navidad.<\/span><\/p>\n<p style=\"text-align: justify;\"><span lang=\"ES-TRAD\">\u201cDebemos hacer las paces, difundir alegr\u00eda, construir el pa\u00eds y abrir el camino hacia el futuro\u201d, dijo el patriarca.<\/span><\/p>\n<p style=\"text-align: justify;\"><span lang=\"ES-TRAD\">Or\u00f3 para que Dios proteja a Siria, y su ej\u00e9rcito y l\u00edder, y por la consolidaci\u00f3n de la paz y estabilidad.<\/span><\/p>\n<p style=\"text-align: justify;\"><span lang=\"ES-TRAD\">\u201cNo hay duda de que el camino es a\u00fan largo, pero las noticias que nos llegan sobre las victorias d\u00eda tras d\u00eda gracias a la firme voluntad de los sirios y su larga paciencia, nos da esperanza\u201d, asegur\u00f3.<\/span><\/p>\n<p style=\"text-align: justify;\"><span lang=\"ES-TRAD\">Asimismo, se efectuaron misas en las iglesias en las provincias de Alepo, Latakia, Hama, Sweida, Deraa y Tartous.\u00a0\u00a0\u00a0\u00a0<\/span><\/p>\n<p style=\"text-align: justify;\"><span lang=\"ES-TRAD\">En los sermones, se enfatiz\u00f3 la importancia de la unidad, la solidaridad y la paciencia de la gente de la patria para enfrentar las dificultades y las adversidades.<\/span><\/p>\n<p style=\"text-align: justify;\"><b><u><span lang=\"ES-TRAD\">Al-Moallem: Washington utiliza el Daesh como pretexto para mantener su ocupaci\u00f3n a los campos petroleros sirios<\/span><\/u><\/b><\/p>\n<p style=\"text-align: justify;\"><span lang=\"ES-TRAD\">El Viceprimer Ministro y Ministro de Exteriores y Emigrantes, Walid Al-Moallem, dijo hoy que las relaciones de Siria con la Federaci\u00f3n de Rusia son hist\u00f3ricas y s\u00f3lidas, y que las visitas mutuas entre funcionarios de los dos pa\u00edses se producen en el marco de profundizar la coordinaci\u00f3n y cooperaci\u00f3n en varios campos.<\/span><\/p>\n<p style=\"text-align: justify;\"><span lang=\"ES-TRAD\">En una entrevista con la cadena rusa Russia Today, el canciller sirio aclar\u00f3 que sus conversaciones sostenidas al margen de su visita a Mosc\u00fa al frente de la delegaci\u00f3n siria participante en el d\u00e9cimo segundo periodo de sesiones de la Comisi\u00f3n Mixta Sirio-rusa para la Cooperaci\u00f3n Comercial, Econ\u00f3mica y Cient\u00edfica, abordaron varios aspectos de la cooperaci\u00f3n actual y futura mediante la implementaci\u00f3n de proyectos en Siria por parte de las compa\u00f1\u00edas rusas.<\/span><\/p>\n<p style=\"text-align: justify;\"><span lang=\"ES-TRAD\">\u201cEsperamos llevar nuestras relaciones econ\u00f3micas al nivel de nuestros v\u00ednculos pol\u00edticos y militares\u201d, expres\u00f3 al-Moallem.<\/span><\/p>\n<p style=\"text-align: justify;\"><span lang=\"ES-TRAD\">En respuesta a una pregunta sobre la ley \u201cC\u00e9sar\u201d que impuso nuevas medidas coercitivas estadounidenses contra el pueblo sirio, el jefe de la diplomacia siria coment\u00f3 que esta ley forma parte de una pol\u00edtica estadounidense aplicada no s\u00f3lo contra Siria sino incluso contra los aliados y amigos de Estados Unidos, como por ejemplo las sanciones impuestas a las empresas que trabajan en la construcci\u00f3n del gasoducto \u201cNorth Stream II\u201d que lleva gas desde Rusia a Europa.<\/span><\/p>\n<p style=\"text-align: justify;\"><span lang=\"ES-TRAD\">El alto diplom\u00e1tico sirio indic\u00f3 que el grupo terrorista Daesh a\u00fan est\u00e1 presente y los estadounidenses lo est\u00e1n usando como pretexto para justificar su continua ocupaci\u00f3n a los pozos de petr\u00f3leo sirios.<\/span><\/p>\n<p style=\"text-align: justify;\"><span lang=\"ES-TRAD\">\u201cQuien luch\u00f3 contra \u201cDaesh\u201d es el ej\u00e9rcito sirio y la poblaci\u00f3n de Al-Jazeera sabe la magnitud de los sacrificios hechos por nuestro ej\u00e9rcito\u201d, afirm\u00f3.<\/span><\/p>\n<p style=\"text-align: justify;\"><span lang=\"ES-TRAD\">Al-Moallem: la pol\u00edtica de Siria se basa en liberar cada pulgada del territorio sirio<\/span><\/p>\n<p style=\"text-align: justify;\"><span lang=\"ES-TRAD\">El ministro Al-Moallem indic\u00f3 que las operaciones del ej\u00e9rcito sirio en Idleb son parte de una pol\u00edtica fijada por el presidente Bashar al-Assad y encaminada a liberar cada pulgada del territorio de la Rep\u00fablica \u00c1rabe Siria.<\/span><\/p>\n<p style=\"text-align: justify;\"><span lang=\"ES-TRAD\">Al-Moallem rechaz\u00f3 todos los pretextos del enemigo israel\u00ed para lanzar ataques contra Siria y los asemej\u00f3 con los pretextos de Turqu\u00eda con el tema de los kurdos y los de Estados Unidos con el tema de \u201cDaesh\u201d, y tach\u00f3 a todos de falsas alegaciones que se usan para comercializar su agresi\u00f3n contra Siria.<\/span><\/p>\n<p style=\"text-align: justify;\"><span lang=\"ES-TRAD\">Al-Moallem: el r\u00e9gimen turco est\u00e1 llevando a cabo una limpieza \u00e9tnica y un cambio demogr\u00e1fico en Siria<\/span><\/p>\n<p style=\"text-align: justify;\"><span lang=\"ES-TRAD\">Sobre la posibilidad de celebrar una reuni\u00f3n con una delegaci\u00f3n turca en Mosc\u00fa, el ministro Al-Moallem revel\u00f3 que \u201cteniendo en cuenta la ocupaci\u00f3n turca de tierras sirias debemos siempre pensar en las ventajas de la reuni\u00f3n, y si conducir\u00e1 a la liberaci\u00f3n de esas tierras o solo es una reuni\u00f3n sin nada concreto, y si es as\u00ed, no estamos interesados.\u201d<\/span><\/p>\n<p style=\"text-align: justify;\"><span lang=\"ES-TRAD\">Dej\u00f3 claro que el r\u00e9gimen turco no cumpli\u00f3 sus obligaciones en virtud del acuerdo turco-ruso sobre la regi\u00f3n siria de Al-Jazeera, y por lo tanto la otra opci\u00f3n es la militar en esa regi\u00f3n.<\/span><\/p>\n<p style=\"text-align: justify;\"><span lang=\"ES-TRAD\">Tach\u00f3 de peligrosa a la pol\u00edtica de los turcos que est\u00e1n haciendo una limpieza \u00e9tnica en Siria al reemplazar a la poblaci\u00f3n original con otra y como lo que sucedi\u00f3 en Afr\u00edn, Yarabulus y otras regiones, adem\u00e1s del cambio demogr\u00e1fico, la introducci\u00f3n de enfoques de estudio turcos en las escuelas y el cambio de los nombres de las calles.<\/span><\/p>\n<p style=\"text-align: justify;\"><span lang=\"ES-TRAD\">Al-Moallem: Occidente impide el regreso de refugiados sirios y usa ese tema como carta de presi\u00f3n pol\u00edtica.<\/span><\/p>\n<p style=\"text-align: justify;\"><span lang=\"ES-TRAD\">\u201cSiria no ha hecho ni har\u00e1 concesiones a nadie; y el Estado sirio ofrece facilidades y pone todas sus potencialidades para garantizar un retorno digno a los refugiados, pero los pa\u00edses occidentales impiden su regreso y usa este tema como arma pol\u00edtica contra el Estado sirio\u201d, concluy\u00f3.<\/span><\/p>\n<p style=\"text-align: justify;\"><b><u><span lang=\"ES-TRAD\">Presidente al-Assad desea al arzobispo Atallah Hanna una pronta recuperaci\u00f3n de su salud<\/span><\/u><\/b><\/p>\n<p style=\"text-align: justify;\"><span lang=\"ES-TRAD\">Por orientaciones del presidente Bashar al-Assad, el Encargado de Negocios de la embajada de Siria en Jordania, Shafik Dayob, visit\u00f3 al arzobispo Atallah Hanna, del Patriarcado Greco-ortodoxo en Jerusal\u00e9n, quien recibe tratamiento m\u00e9dico en uno de los hospitales de la capital jordana, Amm\u00e1n.<\/span><\/p>\n<p style=\"text-align: justify;\"><span lang=\"ES-TRAD\">El arzobispo Atallah Hanna fue hospitalizado despu\u00e9s de haber sido envenenado por sustancias qu\u00edmicas.<\/span><\/p>\n<p style=\"text-align: justify;\"><span lang=\"ES-TRAD\">Dayoub transmiti\u00f3 los saludos del presidente al-Assad y sus deseos de una recuperaci\u00f3n r\u00e1pida, y afirm\u00f3 la condena de Siria al ente sionista que us\u00f3 gases prohibidos internacionalmente en la ocupada ciudad de Jerusal\u00e9n para intoxicar al arzobispo.<\/span><\/p>\n<p style=\"text-align: justify;\"><span lang=\"ES-TRAD\">Por su parte, Hanna transmiti\u00f3 un mensaje de agradecimiento y amistad al presidente y expres\u00f3 su aprecio por la solidaridad de Siria con Palestina.<\/span><\/p>\n<p style=\"text-align: justify;\"><span lang=\"ES-TRAD\">Elogi\u00f3 la firmeza del Ej\u00e9rcito sirio y su resistencia al complot terrorista lanzado contra su pa\u00eds.<\/span><\/p>\n<p style=\"text-align: justify;\"><b><u><span lang=\"ES-TRAD\">Ej\u00e9rcito libera a 40 localidades y est\u00e1 determinado a liberar todo Idleb del terrorismo<\/span><\/u><\/b><\/p>\n<p style=\"text-align: justify;\"><span lang=\"ES-TRAD\">El Comando General del Ej\u00e9rcito y las Fuerzas Armadas anunci\u00f3 hoy que \u201cunidades de las fuerzas armadas contin\u00faan su ofensiva antiterrorista en los frentes sur y sudeste de la provincia de Idleb, en medio de un colapso sucesivo en las filas de las organizaciones terroristas armadas cuyas sedes fueron destruidas y numerosos de sus integrantes y cabecillas han sido abatidos.<\/span><\/p>\n<p style=\"text-align: justify;\"><span lang=\"ES-TRAD\">\u201cDurante los \u00faltimos d\u00edas, los valientes soldados del ej\u00e9rcito cumplieron con eficacia su misi\u00f3n combativa y pudieron liberar del terrorismo a un \u00e1rea de m\u00e1s de 320 kil\u00f3metros cuadrados y expulsar a los yihadistas del \u201cFrente Al-Nousra\u201d y otras organizaciones terroristas armadas de m\u00e1s de cuarenta ciudades y pueblos\u201d, afirm\u00f3 el Ej\u00e9rcito en una declaraci\u00f3n.<\/span><\/p>\n<p style=\"text-align: justify;\"><span lang=\"ES-TRAD\">Reafirm\u00f3 la determinaci\u00f3n de las Fuerzas Armadas de completar la liberaci\u00f3n de la gobernaci\u00f3n de Idleb del terrorismo y sus patrocinadores.<\/span><\/p>\n<p style=\"text-align: justify;\"><span lang=\"ES-TRAD\">\u201cExpresamos nuestro celo por la vida de todos los civiles indefensos y los llamamos a alejarse de las zonas donde est\u00e1n desplegados los radicales y salir hacia las zonas con presencia de las unidades del ej\u00e9rcito \u00e1rabe sirio para protegerlos y liberarlos del terrorismo en todas sus formas y nombres\u201d, agreg\u00f3 el texto de la declaraci\u00f3n.<\/span><\/p>\n<p style=\"text-align: justify;\"><span lang=\"ES-TRAD\">Acot\u00f3 que \u201cla operaci\u00f3n antiterrorista continuar\u00e1 hasta que el Ej\u00e9rcito \u00c1rabe Sirio complete la liberaci\u00f3n de todas las \u00e1reas ocupadas por terroristas y agentes, sean cuales sean sus denominaciones y dondequiera que se encuentren, y hasta que la bandera de la Rep\u00fablica \u00c1rabe Siria vuelva a flotar sobre toda la geograf\u00eda marcando la victoria completa y sobre el terrorismo, sus patrocinadores y partidarios.<\/span><\/p>\n<p style=\"text-align: justify;\"><b><u><span lang=\"ES-TRAD\">Fuerzas de ocupaci\u00f3n turcas trasladan hacia Idleb a 100 terroristas desde el norte de Hasakeh.<\/span><\/u><\/b><\/p>\n<p style=\"text-align: justify;\"><span lang=\"ES-TRAD\">Las fuerzas de ocupaci\u00f3n turcas transfirieron alrededor de 100 integrantes del grupo terrorista \u201cYaish al-Islam\u201d (Ej\u00e9rcito del Islam), de las zonas donde est\u00e1n desplegados en el norte de Hasakeh hacia el frente de la provincia de Idleb.<\/span><\/p>\n<p style=\"text-align: justify;\"><span lang=\"ES-TRAD\">Seg\u00fan informaron fuentes civiles, el objetivo es ingresarlos en los combates en el sudeste de Idleb en un intento de apoyar a las organizaciones terroristas que colapsaron ante el avance del Ej\u00e9rcito sirio.<\/span><\/p>\n<p style=\"text-align: justify;\"><span lang=\"ES-TRAD\">\u201cLas fuerzas de ocupaci\u00f3n turcas transfirieron a unos 100 terroristas del llamado \u201cYaish al-Islam\u201d de la localidad de Jan Tamer a la provincia de Idleb\u201d, report\u00f3 el corresponsal de SANA.<\/span><\/p>\n<p style=\"text-align: justify;\"><span lang=\"ES-TRAD\">Esa medida tomada por el r\u00e9gimen turco refleja su apoyo a las organizaciones terroristas y su intento de retrasar su colapso frente al ej\u00e9rcito en Idleb, y adem\u00e1s refuta sus alegaciones sobre su lucha contra el terrorismo.<\/span><\/p>\n<p style=\"text-align: justify;\"><b><u><span lang=\"ES-TRAD\">Ej\u00e9rcito incauta armas que terroristas ocultaron en pozo de agua en Talbiseh, Homs<\/span><\/u><\/b><\/p>\n<p style=\"text-align: justify;\"><span lang=\"ES-TRAD\">Durante sus operaciones de peinado en las zonas liberadas del terrorismo en el norte de la provincia de Homs, los militares sirios incautaron armas y municiones, remanentes de los terroristas.<\/span><\/p>\n<p style=\"text-align: justify;\"><span lang=\"ES-TRAD\">Las armas fueron ocultadas por los terroristas dentro de un pozo de agua en la localidad de Talbiseh.<\/span><\/p>\n<p style=\"text-align: justify;\"><span lang=\"ES-TRAD\">Las armas y municiones incluyen fusiles autom\u00e1ticos, cajas de balas, ametralladoras medianas y granadas.<\/span><\/p>\n<p style=\"text-align: justify;\"><span lang=\"ES-TRAD\">En la v\u00edspera, el ej\u00e9rcito hall\u00f3 pertrechos b\u00e9licos, algunas son de origen israel\u00ed, cerca de la valla de separaci\u00f3n con el ocupado Gol\u00e1n, en la provincia de Quneitra.<\/span><\/p>\n<p style=\"text-align: justify;\"><b><u><span lang=\"ES-TRAD\">Ej\u00e9rcito neutraliz\u00f3 un dron de los terroristas en el noroeste de Hama<\/span><\/u><\/b><\/p>\n<p style=\"text-align: justify;\"><span lang=\"ES-TRAD\">Las defensas antia\u00e9reas del ej\u00e9rcito sirio neutralizaron un dron de los grupos terroristas encima de la ciudad de Suquelbieh, en el noroeste de la provincia de Hama.<\/span><\/p>\n<p style=\"text-align: justify;\"><span lang=\"ES-TRAD\">\u201cEl dron terrorista que fue derribado por los militares, llevaba seis proyectiles\u201d, report\u00f3 el corresponsal de SANA.<\/span><\/p>\n<p style=\"text-align: justify;\"><span lang=\"ES-TRAD\">En la v\u00edspera, las defensas antia\u00e9reas del ej\u00e9rcito sirio interceptaron a drones terroristas encima de la ciudad costera de Jableh, en la provincia de Latakia.<\/span><\/p>\n<p style=\"text-align: justify;\"><span lang=\"ES-TRAD\">El domingo \u00faltimo, los militares sirios derribaron drones terroristas en Latakia y encima de la base a\u00e9rea de Hama, en el centro del pa\u00eds.<\/span><\/p>\n<p style=\"text-align: justify;\"><b><u><span lang=\"ES-TRAD\">Vuelve a operar la planta de gas de la regi\u00f3n central que fue blanco de ataque terrorista con drones<\/span><\/u><\/b><\/p>\n<p style=\"text-align: justify;\"><span lang=\"ES-TRAD\">Todas las unidades de la planta de gas de la regi\u00f3n central volvieron a funcionar tras culminarse las obras de reparaci\u00f3n de los da\u00f1os causados por los ataques terroristas de \u00faltimo s\u00e1bado.<\/span><\/p>\n<p style=\"text-align: justify;\"><span lang=\"ES-TRAD\">&#8220;Gracias a los continuos esfuerzos de los t\u00e9cnicos del ministerio de Petr\u00f3leo, y en menos de 60 horas, todas las unidades de la planta volvieron a operar despu\u00e9s de completar las reparaciones&#8221;, inform\u00f3 un comunicado del ministerio.<\/span><\/p>\n<p style=\"text-align: justify;\"><span lang=\"ES-TRAD\">La refiner\u00eda de Homs y las plantas de gas Al-Rayan y de la regi\u00f3n central fueron blancos de ataques terroristas con drones la madrugada del \u00faltimo s\u00e1bado, lo que caus\u00f3 da\u00f1os materiales en algunas unidades de producci\u00f3n.<\/span><\/p>\n<p style=\"text-align: justify;\"><b><u><span lang=\"ES-TRAD\">Carnaval navide\u00f1o recorre calles de Tartous<\/span><\/u><\/b><\/p>\n<p style=\"text-align: justify;\"><span lang=\"ES-TRAD\">Las escuelas dominicales ortodoxas en la provincia de Tartous organizaron un carnaval navide\u00f1o que incluy\u00f3 el desfile de veh\u00edculos decorados con s\u00edmbolos festivos y figuras que simbolizan el nacimiento de Cristo.<\/span><\/p>\n<p style=\"text-align: justify;\"><span lang=\"ES-TRAD\">El carnaval comenz\u00f3 desde la iglesia Marniyal y recorri\u00f3 varias calles hasta llegar a la iglesia de Nuestra Se\u00f1ora en el malec\u00f3n.<\/span><\/p>\n<p style=\"text-align: justify;\"><span lang=\"ES-TRAD\">No faltaron en el carnaval los recitales de m\u00fasica y los cantos navide\u00f1os, adem\u00e1s de ofrecer algunos regalos para los ni\u00f1os<\/span><\/p>\n<p style=\"text-align: justify;\"><span lang=\"ES-TRAD\">Nuestro mensaje es volver a vivir en paz y seguridad con corazones puros y que nos amemos como un solo pueblo y unirnos para reconstruir a nuestro pa\u00eds\u201d, declar\u00f3 el padre Arsanius Al-Laham a la agencia SANA.<\/span><\/p>\n<p style=\"text-align: justify;\"><span lang=\"ES-TRAD\">Muchas personas expresaron su alegr\u00eda por la Navidad entre ellos el joven Carlos Lolo quien reencarna la figura de Santa Claus con su gorro rojo y su larga barba blanca, para alegar a los ni\u00f1os.<\/span><\/p>\n<p style=\"text-align: justify;\"><span lang=\"ES-TRAD\">Enana Boutros vino con sus tres hijos para ver de cerca la atm\u00f3sfera del carnaval; y asegur\u00f3 que el carnaval dej\u00f3 una huella maravillosa y gener\u00f3 felicidad y amor que nos faltaron durante los a\u00f1os de guerra.<\/span><\/p>\n<p style=\"text-align: justify;\"><b><u><span lang=\"ES-TRAD\">Calles y casas de Alepo se llenan de alegr\u00eda y esperanza por la Navidad y la victoria sobre el terrorismo<\/span><\/u><\/b><\/p>\n<p style=\"text-align: justify;\"><span lang=\"ES-TRAD\">Durante un recorrido por las calles de la ciudad de Alepo, llama la atenci\u00f3n las decoraciones festivas y las luces con colores que simulan los deseos de amor y paz por las celebraciones de Navidad y A\u00f1o Nuevo.<\/span><\/p>\n<p style=\"text-align: justify;\"><span lang=\"ES-TRAD\">La alegr\u00eda navide\u00f1a se mezcla con el sabor de las victorias sobre el terrorismo y el restablecimiento de la normalidad.<\/span><\/p>\n<p style=\"text-align: justify;\"><span lang=\"ES-TRAD\">Como lo hacen todos los a\u00f1os, los habitantes de Alepo celebran la Navidad y el A\u00f1o Nuevo con rituales \u00fanicos y una atm\u00f3sfera familiar y arm\u00f3nica.<\/span><\/p>\n<p style=\"text-align: justify;\"><span lang=\"ES-TRAD\">La esperanza se expresa mediante la decoraci\u00f3n de las casas y calles que se llenaron de luces y colores.<\/span><\/p>\n<p style=\"text-align: justify;\"><span style=\"color: #0000ff;\">F.M\/W.S<\/span><\/p>\n<\/div>\n<div class=\"yj6qo ajU\" style=\"text-align: justify;\"><\/div>\n","protected":false},"excerpt":{"rendered":"<p>Damasco, SANA Les ofrecemos a continuaci\u00f3n una s\u00edntesis de las noticias nacionales e internacionales relativas a Siria y difundidas por nuestra agencia en las \u00faltimas 24 horas: Sumario \u00b7\u00a0\u00a0\u00a0\u00a0\u00a0\u00a0\u00a0\u00a0Ej\u00e9rcito libera a 40 localidades y est\u00e1 determinado a liberar todo Idleb del terrorismo \u00b7\u00a0\u00a0\u00a0\u00a0\u00a0\u00a0\u00a0\u00a0Ej\u00e9rcito incauta armas que terroristas ocultaron en pozo de agua en Talbiseh, Homs &hellip;<\/p>\n","protected":false},"author":35,"featured_media":125075,"comment_status":"closed","ping_status":"closed","sticky":false,"template":"","format":"standard","meta":{"footnotes":""},"categories":[555],"tags":[],"class_list":["post-125074","post","type-post","status-publish","format-standard","has-post-thumbnail","","category-prensa"],"_links":{"self":[{"href":"https:\/\/archive.sana.sy\/es\/index.php?rest_route=\/wp\/v2\/posts\/125074"}],"collection":[{"href":"https:\/\/archive.sana.sy\/es\/index.php?rest_route=\/wp\/v2\/posts"}],"about":[{"href":"https:\/\/archive.sana.sy\/es\/index.php?rest_route=\/wp\/v2\/types\/post"}],"author":[{"embeddable":true,"href":"https:\/\/archive.sana.sy\/es\/index.php?rest_route=\/wp\/v2\/users\/35"}],"replies":[{"embeddable":true,"href":"https:\/\/archive.sana.sy\/es\/index.php?rest_route=%2Fwp%2Fv2%2Fcomments&post=125074"}],"version-history":[{"count":0,"href":"https:\/\/archive.sana.sy\/es\/index.php?rest_route=\/wp\/v2\/posts\/125074\/revisions"}],"wp:featuredmedia":[{"embeddable":true,"href":"https:\/\/archive.sana.sy\/es\/index.php?rest_route=\/wp\/v2\/media\/125075"}],"wp:attachment":[{"href":"https:\/\/archive.sana.sy\/es\/index.php?rest_route=%2Fwp%2Fv2%2Fmedia&parent=125074"}],"wp:term":[{"taxonomy":"category","embeddable":true,"href":"https:\/\/archive.sana.sy\/es\/index.php?rest_route=%2Fwp%2Fv2%2Fcategories&post=125074"},{"taxonomy":"post_tag","embeddable":true,"href":"https:\/\/archive.sana.sy\/es\/index.php?rest_route=%2Fwp%2Fv2%2Ftags&post=125074"}],"curies":[{"name":"wp","href":"https:\/\/api.w.org\/{rel}","templated":true}]}}