{"id":125298,"date":"2019-12-27T13:18:44","date_gmt":"2019-12-27T11:18:44","guid":{"rendered":"http:\/\/sana.sy\/es\/?p=125298"},"modified":"2019-12-27T21:20:34","modified_gmt":"2019-12-27T19:20:34","slug":"lluvias-torrenciales-y-nevadas-en-las-localidades-montanosas","status":"publish","type":"post","link":"https:\/\/archive.sana.sy\/es\/?p=125298","title":{"rendered":"Lluvias torrenciales, y nevadas en las localidades monta\u00f1osas"},"content":{"rendered":"<div>\n<p style=\"text-align: justify;\"><span lang=\"ES-TRAD\" style=\"color: #800000;\">Provincias, SANA<\/span><\/p>\n<p style=\"text-align: justify;\"><span lang=\"ES-TRAD\">Una baja presi\u00f3n acompa\u00f1ada por una masa de aire fr\u00edo y h\u00famedo afecta todas las provincias del pa\u00eds donde se registran temperaturas de 2 a 5 grados cent\u00edgrados por debajo de su promedio anual.<\/span><\/p>\n<p style=\"text-align: justify;\"><span lang=\"ES-TRAD\">El Departamento de Meteorolog\u00eda pronostic\u00f3 para hoy viernes, lluvias y nieves en las zonas monta\u00f1osas por encima de 1400 metros de altura, y advirti\u00f3 de heladas por la noche y neblinas en las alturas y zonas del interior del pa\u00eds.<\/span><\/p>\n<p style=\"text-align: justify;\"><span lang=\"ES-TRAD\">A medida que avanza el d\u00eda, el tiempo ser\u00e1 nublado o parcialmente nublado.<\/span><\/p>\n<p style=\"text-align: justify;\"><span lang=\"ES-TRAD\">Los vientos de velocidad ligera a mediana, y soplar\u00e1n del suroeste mientras se pronostican marejadas e bajo a mediano.<\/span><\/p>\n<p style=\"text-align: justify;\"><span lang=\"ES-TRAD\">Las temperaturas m\u00e1ximas y m\u00ednimas previstas en algunas de las principales ciudades sirias ser\u00e1n las siguientes:<\/span><\/p>\n<p style=\"text-align: justify;\"><span lang=\"ES-TRAD\" style=\"color: #ff0000;\">Damasco 9\/4<\/span><\/p>\n<p style=\"text-align: justify;\"><span lang=\"ES-TRAD\" style=\"color: #ff0000;\">Deraa 9\/4<\/span><\/p>\n<p style=\"text-align: justify;\"><span lang=\"ES-TRAD\" style=\"color: #ff0000;\">Homs 11\/3<\/span><\/p>\n<p style=\"text-align: justify;\"><span lang=\"ES-TRAD\" style=\"color: #ff0000;\">Hama 12\/4<\/span><\/p>\n<p style=\"text-align: justify;\"><span lang=\"ES-TRAD\" style=\"color: #ff0000;\">Latakia 16\/10<\/span><\/p>\n<p style=\"text-align: justify;\"><span lang=\"ES-TRAD\" style=\"color: #ff0000;\">Alepo 11\/3<\/span><\/p>\n<p style=\"text-align: justify;\"><span lang=\"ES-TRAD\" style=\"color: #ff0000;\">Hasakeh9\/5<\/span><\/p>\n<p style=\"text-align: justify;\"><span lang=\"ES-TRAD\" style=\"color: #ff0000;\">Idleb 11\/4<\/span><\/p>\n<p style=\"text-align: justify;\"><span style=\"color: #0000ff;\">W.S\/F.M\u00a0<\/span><\/p>\n<\/div>\n<div class=\"yj6qo\" style=\"text-align: justify;\"><\/div>\n<div class=\"adL\" style=\"text-align: justify;\"><\/div>\n","protected":false},"excerpt":{"rendered":"<p>Provincias, SANA Una baja presi\u00f3n acompa\u00f1ada por una masa de aire fr\u00edo y h\u00famedo afecta todas las provincias del pa\u00eds donde se registran temperaturas de 2 a 5 grados cent\u00edgrados por debajo de su promedio anual. El Departamento de Meteorolog\u00eda pronostic\u00f3 para hoy viernes, lluvias y nieves en las zonas monta\u00f1osas por encima de 1400 &hellip;<\/p>\n","protected":false},"author":35,"featured_media":125299,"comment_status":"closed","ping_status":"closed","sticky":false,"template":"","format":"standard","meta":{"footnotes":""},"categories":[597,476],"tags":[],"class_list":["post-125298","post","type-post","status-publish","format-standard","has-post-thumbnail","","category-cinta-de-noticias","category-locales"],"_links":{"self":[{"href":"https:\/\/archive.sana.sy\/es\/index.php?rest_route=\/wp\/v2\/posts\/125298"}],"collection":[{"href":"https:\/\/archive.sana.sy\/es\/index.php?rest_route=\/wp\/v2\/posts"}],"about":[{"href":"https:\/\/archive.sana.sy\/es\/index.php?rest_route=\/wp\/v2\/types\/post"}],"author":[{"embeddable":true,"href":"https:\/\/archive.sana.sy\/es\/index.php?rest_route=\/wp\/v2\/users\/35"}],"replies":[{"embeddable":true,"href":"https:\/\/archive.sana.sy\/es\/index.php?rest_route=%2Fwp%2Fv2%2Fcomments&post=125298"}],"version-history":[{"count":0,"href":"https:\/\/archive.sana.sy\/es\/index.php?rest_route=\/wp\/v2\/posts\/125298\/revisions"}],"wp:featuredmedia":[{"embeddable":true,"href":"https:\/\/archive.sana.sy\/es\/index.php?rest_route=\/wp\/v2\/media\/125299"}],"wp:attachment":[{"href":"https:\/\/archive.sana.sy\/es\/index.php?rest_route=%2Fwp%2Fv2%2Fmedia&parent=125298"}],"wp:term":[{"taxonomy":"category","embeddable":true,"href":"https:\/\/archive.sana.sy\/es\/index.php?rest_route=%2Fwp%2Fv2%2Fcategories&post=125298"},{"taxonomy":"post_tag","embeddable":true,"href":"https:\/\/archive.sana.sy\/es\/index.php?rest_route=%2Fwp%2Fv2%2Ftags&post=125298"}],"curies":[{"name":"wp","href":"https:\/\/api.w.org\/{rel}","templated":true}]}}