{"id":125332,"date":"2019-12-28T05:00:32","date_gmt":"2019-12-28T03:00:32","guid":{"rendered":"http:\/\/sana.sy\/es\/?p=125332"},"modified":"2023-01-10T14:34:44","modified_gmt":"2023-01-10T12:34:44","slug":"camara-de-sana-acompana-el-ejercito-en-la-localidad-recien-liberada-de-al-surman","status":"publish","type":"post","link":"https:\/\/archive.sana.sy\/es\/?p=125332","title":{"rendered":"C\u00e1mara de SANA acompa\u00f1a el Ej\u00e9rcito en la localidad reci\u00e9n liberada de al-Surman"},"content":{"rendered":"<p style=\"text-align: justify;\"><strong><span style=\"color: #800000;\">Hama, SANA<\/span><\/strong><\/p>\n<p style=\"text-align: justify;\">La c\u00e1mara de la agencia SANA acompa\u00f1\u00f3 a los valientes soldados del ej\u00e9rcito \u00e1rabe sirio que liberaron recientemente la localidad de Sarmanieh de los terroristas en el frente de Idleb.<\/p>\n<p style=\"text-align: justify;\"><strong><span style=\"color: #0000ff;\">F.M<\/span><\/strong><\/p>\n<div id='gallery-1' class='gallery galleryid-125332 gallery-columns-1 gallery-size-large'><figure class='gallery-item'>\n\t\t\t<div class='gallery-icon landscape'>\n\t\t\t\t<a href='https:\/\/archive.sana.sy\/es\/wp-content\/uploads\/2019\/12\/3-2-1-scaled.jpg'><img loading=\"lazy\" decoding=\"async\" width=\"618\" height=\"399\" src=\"https:\/\/archive.sana.sy\/es\/wp-content\/uploads\/2019\/12\/3-2-1-1024x661.jpg\" class=\"attachment-large size-large\" alt=\"\" srcset=\"https:\/\/archive.sana.sy\/es\/wp-content\/uploads\/2019\/12\/3-2-1-1024x661.jpg 1024w, https:\/\/archive.sana.sy\/es\/wp-content\/uploads\/2019\/12\/3-2-1-300x194.jpg 300w, https:\/\/archive.sana.sy\/es\/wp-content\/uploads\/2019\/12\/3-2-1-150x97.jpg 150w, https:\/\/archive.sana.sy\/es\/wp-content\/uploads\/2019\/12\/3-2-1-768x496.jpg 768w, https:\/\/archive.sana.sy\/es\/wp-content\/uploads\/2019\/12\/3-2-1-1536x991.jpg 1536w, https:\/\/archive.sana.sy\/es\/wp-content\/uploads\/2019\/12\/3-2-1-2048x1322.jpg 2048w\" sizes=\"(max-width: 618px) 100vw, 618px\" \/><\/a>\n\t\t\t<\/div><\/figure><figure class='gallery-item'>\n\t\t\t<div class='gallery-icon landscape'>\n\t\t\t\t<a href='https:\/\/archive.sana.sy\/es\/wp-content\/uploads\/2019\/12\/3-3-1-scaled.jpg'><img loading=\"lazy\" decoding=\"async\" width=\"618\" height=\"406\" src=\"https:\/\/archive.sana.sy\/es\/wp-content\/uploads\/2019\/12\/3-3-1-1024x672.jpg\" class=\"attachment-large size-large\" alt=\"\" srcset=\"https:\/\/archive.sana.sy\/es\/wp-content\/uploads\/2019\/12\/3-3-1-1024x672.jpg 1024w, https:\/\/archive.sana.sy\/es\/wp-content\/uploads\/2019\/12\/3-3-1-300x197.jpg 300w, https:\/\/archive.sana.sy\/es\/wp-content\/uploads\/2019\/12\/3-3-1-150x98.jpg 150w, https:\/\/archive.sana.sy\/es\/wp-content\/uploads\/2019\/12\/3-3-1-768x504.jpg 768w, https:\/\/archive.sana.sy\/es\/wp-content\/uploads\/2019\/12\/3-3-1-1536x1008.jpg 1536w, https:\/\/archive.sana.sy\/es\/wp-content\/uploads\/2019\/12\/3-3-1-2048x1343.jpg 2048w, https:\/\/archive.sana.sy\/es\/wp-content\/uploads\/2019\/12\/3-3-1-310x205.jpg 310w\" sizes=\"(max-width: 618px) 100vw, 618px\" \/><\/a>\n\t\t\t<\/div><\/figure><figure class='gallery-item'>\n\t\t\t<div class='gallery-icon landscape'>\n\t\t\t\t<a href='https:\/\/archive.sana.sy\/es\/wp-content\/uploads\/2019\/12\/3-6-1-scaled.jpg'><img loading=\"lazy\" decoding=\"async\" width=\"618\" height=\"441\" src=\"https:\/\/archive.sana.sy\/es\/wp-content\/uploads\/2019\/12\/3-6-1-1024x731.jpg\" class=\"attachment-large size-large\" alt=\"\" srcset=\"https:\/\/archive.sana.sy\/es\/wp-content\/uploads\/2019\/12\/3-6-1-1024x731.jpg 1024w, https:\/\/archive.sana.sy\/es\/wp-content\/uploads\/2019\/12\/3-6-1-300x214.jpg 300w, https:\/\/archive.sana.sy\/es\/wp-content\/uploads\/2019\/12\/3-6-1-150x107.jpg 150w, https:\/\/archive.sana.sy\/es\/wp-content\/uploads\/2019\/12\/3-6-1-768x548.jpg 768w, https:\/\/archive.sana.sy\/es\/wp-content\/uploads\/2019\/12\/3-6-1-1536x1096.jpg 1536w, https:\/\/archive.sana.sy\/es\/wp-content\/uploads\/2019\/12\/3-6-1-2048x1462.jpg 2048w\" sizes=\"(max-width: 618px) 100vw, 618px\" \/><\/a>\n\t\t\t<\/div><\/figure><figure class='gallery-item'>\n\t\t\t<div class='gallery-icon landscape'>\n\t\t\t\t<a href='https:\/\/archive.sana.sy\/es\/wp-content\/uploads\/2019\/12\/3-7-scaled.jpg'><img loading=\"lazy\" decoding=\"async\" width=\"618\" height=\"430\" src=\"https:\/\/archive.sana.sy\/es\/wp-content\/uploads\/2019\/12\/3-7-1024x713.jpg\" class=\"attachment-large size-large\" alt=\"\" srcset=\"https:\/\/archive.sana.sy\/es\/wp-content\/uploads\/2019\/12\/3-7-1024x713.jpg 1024w, https:\/\/archive.sana.sy\/es\/wp-content\/uploads\/2019\/12\/3-7-300x209.jpg 300w, https:\/\/archive.sana.sy\/es\/wp-content\/uploads\/2019\/12\/3-7-150x104.jpg 150w, https:\/\/archive.sana.sy\/es\/wp-content\/uploads\/2019\/12\/3-7-768x535.jpg 768w, https:\/\/archive.sana.sy\/es\/wp-content\/uploads\/2019\/12\/3-7-1536x1069.jpg 1536w, https:\/\/archive.sana.sy\/es\/wp-content\/uploads\/2019\/12\/3-7-2048x1425.jpg 2048w\" sizes=\"(max-width: 618px) 100vw, 618px\" \/><\/a>\n\t\t\t<\/div><\/figure><figure class='gallery-item'>\n\t\t\t<div class='gallery-icon landscape'>\n\t\t\t\t<a href='https:\/\/archive.sana.sy\/es\/wp-content\/uploads\/2019\/12\/3-10-scaled.jpg'><img loading=\"lazy\" decoding=\"async\" width=\"618\" height=\"415\" src=\"https:\/\/archive.sana.sy\/es\/wp-content\/uploads\/2019\/12\/3-10-1024x688.jpg\" class=\"attachment-large size-large\" alt=\"\" srcset=\"https:\/\/archive.sana.sy\/es\/wp-content\/uploads\/2019\/12\/3-10-1024x688.jpg 1024w, https:\/\/archive.sana.sy\/es\/wp-content\/uploads\/2019\/12\/3-10-300x201.jpg 300w, https:\/\/archive.sana.sy\/es\/wp-content\/uploads\/2019\/12\/3-10-150x101.jpg 150w, https:\/\/archive.sana.sy\/es\/wp-content\/uploads\/2019\/12\/3-10-768x516.jpg 768w, https:\/\/archive.sana.sy\/es\/wp-content\/uploads\/2019\/12\/3-10-1536x1031.jpg 1536w, https:\/\/archive.sana.sy\/es\/wp-content\/uploads\/2019\/12\/3-10-2048x1375.jpg 2048w, https:\/\/archive.sana.sy\/es\/wp-content\/uploads\/2019\/12\/3-10-110x75.jpg 110w\" sizes=\"(max-width: 618px) 100vw, 618px\" \/><\/a>\n\t\t\t<\/div><\/figure><figure class='gallery-item'>\n\t\t\t<div class='gallery-icon portrait'>\n\t\t\t\t<a href='https:\/\/archive.sana.sy\/es\/wp-content\/uploads\/2019\/12\/3-11-scaled.jpg'><img loading=\"lazy\" decoding=\"async\" width=\"618\" height=\"813\" src=\"https:\/\/archive.sana.sy\/es\/wp-content\/uploads\/2019\/12\/3-11-778x1024.jpg\" class=\"attachment-large size-large\" alt=\"\" srcset=\"https:\/\/archive.sana.sy\/es\/wp-content\/uploads\/2019\/12\/3-11-778x1024.jpg 778w, https:\/\/archive.sana.sy\/es\/wp-content\/uploads\/2019\/12\/3-11-228x300.jpg 228w, https:\/\/archive.sana.sy\/es\/wp-content\/uploads\/2019\/12\/3-11-114x150.jpg 114w, https:\/\/archive.sana.sy\/es\/wp-content\/uploads\/2019\/12\/3-11-768x1011.jpg 768w, https:\/\/archive.sana.sy\/es\/wp-content\/uploads\/2019\/12\/3-11-1167x1536.jpg 1167w, https:\/\/archive.sana.sy\/es\/wp-content\/uploads\/2019\/12\/3-11-1556x2048.jpg 1556w, https:\/\/archive.sana.sy\/es\/wp-content\/uploads\/2019\/12\/3-11-scaled.jpg 1945w\" sizes=\"(max-width: 618px) 100vw, 618px\" \/><\/a>\n\t\t\t<\/div><\/figure><figure class='gallery-item'>\n\t\t\t<div class='gallery-icon landscape'>\n\t\t\t\t<a href='https:\/\/archive.sana.sy\/es\/wp-content\/uploads\/2019\/12\/3-12-scaled.jpg'><img loading=\"lazy\" decoding=\"async\" width=\"618\" height=\"412\" src=\"https:\/\/archive.sana.sy\/es\/wp-content\/uploads\/2019\/12\/3-12-1024x682.jpg\" class=\"attachment-large size-large\" alt=\"\" srcset=\"https:\/\/archive.sana.sy\/es\/wp-content\/uploads\/2019\/12\/3-12-1024x682.jpg 1024w, https:\/\/archive.sana.sy\/es\/wp-content\/uploads\/2019\/12\/3-12-300x200.jpg 300w, https:\/\/archive.sana.sy\/es\/wp-content\/uploads\/2019\/12\/3-12-150x100.jpg 150w, https:\/\/archive.sana.sy\/es\/wp-content\/uploads\/2019\/12\/3-12-768x512.jpg 768w, https:\/\/archive.sana.sy\/es\/wp-content\/uploads\/2019\/12\/3-12-1536x1024.jpg 1536w, https:\/\/archive.sana.sy\/es\/wp-content\/uploads\/2019\/12\/3-12-2048x1365.jpg 2048w\" sizes=\"(max-width: 618px) 100vw, 618px\" \/><\/a>\n\t\t\t<\/div><\/figure><figure class='gallery-item'>\n\t\t\t<div class='gallery-icon landscape'>\n\t\t\t\t<a href='https:\/\/archive.sana.sy\/es\/wp-content\/uploads\/2019\/12\/3-14-scaled.jpg'><img loading=\"lazy\" decoding=\"async\" width=\"618\" height=\"444\" src=\"https:\/\/archive.sana.sy\/es\/wp-content\/uploads\/2019\/12\/3-14-1024x736.jpg\" class=\"attachment-large size-large\" alt=\"\" srcset=\"https:\/\/archive.sana.sy\/es\/wp-content\/uploads\/2019\/12\/3-14-1024x736.jpg 1024w, https:\/\/archive.sana.sy\/es\/wp-content\/uploads\/2019\/12\/3-14-300x216.jpg 300w, https:\/\/archive.sana.sy\/es\/wp-content\/uploads\/2019\/12\/3-14-150x108.jpg 150w, https:\/\/archive.sana.sy\/es\/wp-content\/uploads\/2019\/12\/3-14-768x552.jpg 768w, https:\/\/archive.sana.sy\/es\/wp-content\/uploads\/2019\/12\/3-14-1536x1104.jpg 1536w, https:\/\/archive.sana.sy\/es\/wp-content\/uploads\/2019\/12\/3-14-2048x1472.jpg 2048w\" sizes=\"(max-width: 618px) 100vw, 618px\" \/><\/a>\n\t\t\t<\/div><\/figure><figure class='gallery-item'>\n\t\t\t<div class='gallery-icon landscape'>\n\t\t\t\t<a href='https:\/\/archive.sana.sy\/es\/wp-content\/uploads\/2019\/12\/3-16-scaled.jpg'><img loading=\"lazy\" decoding=\"async\" width=\"618\" height=\"432\" src=\"https:\/\/archive.sana.sy\/es\/wp-content\/uploads\/2019\/12\/3-16-1024x715.jpg\" class=\"attachment-large size-large\" alt=\"\" srcset=\"https:\/\/archive.sana.sy\/es\/wp-content\/uploads\/2019\/12\/3-16-1024x715.jpg 1024w, https:\/\/archive.sana.sy\/es\/wp-content\/uploads\/2019\/12\/3-16-300x209.jpg 300w, https:\/\/archive.sana.sy\/es\/wp-content\/uploads\/2019\/12\/3-16-150x105.jpg 150w, https:\/\/archive.sana.sy\/es\/wp-content\/uploads\/2019\/12\/3-16-768x536.jpg 768w, https:\/\/archive.sana.sy\/es\/wp-content\/uploads\/2019\/12\/3-16-1536x1072.jpg 1536w, https:\/\/archive.sana.sy\/es\/wp-content\/uploads\/2019\/12\/3-16-2048x1429.jpg 2048w\" sizes=\"(max-width: 618px) 100vw, 618px\" \/><\/a>\n\t\t\t<\/div><\/figure>\n\t\t<\/div>\n\n","protected":false},"excerpt":{"rendered":"<p>Hama, SANA La c\u00e1mara de la agencia SANA acompa\u00f1\u00f3 a los valientes soldados del ej\u00e9rcito \u00e1rabe sirio que liberaron recientemente la localidad de Sarmanieh de los terroristas en el frente de Idleb. F.M<\/p>\n","protected":false},"author":31,"featured_media":125333,"comment_status":"closed","ping_status":"closed","sticky":false,"template":"","format":"standard","meta":{"footnotes":""},"categories":[447,597,573,476,571],"tags":[],"class_list":["post-125332","post","type-post","status-publish","format-standard","has-post-thumbnail","","category-local-politica","category-cinta-de-noticias","category-la-realidad-de-los-acontecimientos-en-siria","category-locales","category-siria-en-fotos"],"_links":{"self":[{"href":"https:\/\/archive.sana.sy\/es\/index.php?rest_route=\/wp\/v2\/posts\/125332"}],"collection":[{"href":"https:\/\/archive.sana.sy\/es\/index.php?rest_route=\/wp\/v2\/posts"}],"about":[{"href":"https:\/\/archive.sana.sy\/es\/index.php?rest_route=\/wp\/v2\/types\/post"}],"author":[{"embeddable":true,"href":"https:\/\/archive.sana.sy\/es\/index.php?rest_route=\/wp\/v2\/users\/31"}],"replies":[{"embeddable":true,"href":"https:\/\/archive.sana.sy\/es\/index.php?rest_route=%2Fwp%2Fv2%2Fcomments&post=125332"}],"version-history":[{"count":0,"href":"https:\/\/archive.sana.sy\/es\/index.php?rest_route=\/wp\/v2\/posts\/125332\/revisions"}],"wp:featuredmedia":[{"embeddable":true,"href":"https:\/\/archive.sana.sy\/es\/index.php?rest_route=\/wp\/v2\/media\/125333"}],"wp:attachment":[{"href":"https:\/\/archive.sana.sy\/es\/index.php?rest_route=%2Fwp%2Fv2%2Fmedia&parent=125332"}],"wp:term":[{"taxonomy":"category","embeddable":true,"href":"https:\/\/archive.sana.sy\/es\/index.php?rest_route=%2Fwp%2Fv2%2Fcategories&post=125332"},{"taxonomy":"post_tag","embeddable":true,"href":"https:\/\/archive.sana.sy\/es\/index.php?rest_route=%2Fwp%2Fv2%2Ftags&post=125332"}],"curies":[{"name":"wp","href":"https:\/\/api.w.org\/{rel}","templated":true}]}}