{"id":125365,"date":"2019-12-28T11:26:13","date_gmt":"2019-12-28T09:26:13","guid":{"rendered":"http:\/\/sana.sy\/es\/?p=125365"},"modified":"2019-12-28T11:26:13","modified_gmt":"2019-12-28T09:26:13","slug":"sintesis-de-las-noticias-de-siria-28-de-diciembre-del-2019","status":"publish","type":"post","link":"https:\/\/archive.sana.sy\/es\/?p=125365","title":{"rendered":"S\u00edntesis de las noticias de Siria, 28 de diciembre del 2019"},"content":{"rendered":"<div style=\"text-align: justify;\"><span style=\"color: #800000;\"><b><u><span lang=\"ES-TRAD\">Damasco, SANA<\/span><\/u><\/b><\/span><\/div>\n<p style=\"text-align: justify;\"><span lang=\"ES-TRAD\">Les ofrecemos a continuaci\u00f3n una s\u00edntesis de las noticias nacionales e internacionales relativas a Siria y difundidas por nuestra agencia en las \u00faltimas 24 horas:<\/span><\/p>\n<p style=\"text-align: justify;\"><b><u><span lang=\"ES-TRAD\">WikiLeaks publica nuevos documentos que cuestionan el uso armas qu\u00edmicas en Duma, Siria<\/span><\/u><\/b><\/p>\n<p style=\"text-align: justify;\"><span lang=\"ES-TRAD\">El portal WikiLeaks public\u00f3 m\u00e1s documentos internos de la OPAQ con respecto a la investigaci\u00f3n del presunto ataque qu\u00edmico en Duma en abril del 2018, los cuales muestran que la organizaci\u00f3n manipul\u00f3 el informe final sobre el mencionado ataque.<\/span><\/p>\n<p style=\"text-align: justify;\"><span lang=\"ES-TRAD\">Uno de los documentos es el acta de una reuni\u00f3n sostenida el 6 de junio de 2018, donde cuatro miembros del personal de la OPAQ tuvieron conversaciones con tres toxic\u00f3logos y un qu\u00edmico especialista en an\u00e1lisis biol\u00f3gico con el fin de \u201cobtener opiniones de expertos sobre si los s\u00edntomas observados en las v\u00edctimas fueron consistentes con la intoxicaci\u00f3n con el gas cloro\u201d.<\/span><\/p>\n<p style=\"text-align: justify;\"><span lang=\"ES-TRAD\">Los expertos fueron \u201cconcluyentes en sus declaraciones de que no hab\u00eda correlaci\u00f3n entre los s\u00edntomas y la exposici\u00f3n al cloro\u201d, y que \u201cno se pudo identificar ning\u00fan otro qu\u00edmico que causara esos s\u00edntomas\u201d.<\/span><\/p>\n<p style=\"text-align: justify;\"><span lang=\"ES-TRAD\">Uno de los documentos incluye un intercambio de correos electr\u00f3nicos con fechas del 27 y 28 de febrero del 2019 entre miembros de la misi\u00f3n de investigaci\u00f3n en Duma y los altos funcionarios de la OPAQ.<\/span><\/p>\n<p style=\"text-align: justify;\"><span lang=\"ES-TRAD\">Wikileaks explic\u00f3 que uno de los correos electr\u00f3nicos es de Sebastien Braha, Jefe de Gabinete de la OPAQ, en el cual ordena la eliminaci\u00f3n del informe de Iyan Henderson \u2013 un miembro del equipo de la misi\u00f3n de investigaci\u00f3n sobre el supuesto ataque en Duma- del registro seguro de la organizaci\u00f3n.<\/span><\/p>\n<p style=\"text-align: justify;\"><span lang=\"ES-TRAD\">Henderson hab\u00edan concluido su informe que dos de los cilindros encontrados en el sitio del supuesto ataque fueron colocados manualmente y no cayeron desde el a\u00edre o fueron lanzados por un avi\u00f3n o helic\u00f3ptero.<\/span><\/p>\n<p style=\"text-align: justify;\"><span lang=\"ES-TRAD\">Otro documento revelado por WikiLeaks es \u201cuna copia de los intercambios de correos electr\u00f3nicos de la OPAQ enviados los d\u00edas 20 y 28 de agosto de 2018 que piden excluir a los ocho investigadores de la OPAQ en Duma de una reuni\u00f3n con toxic\u00f3logos para debatir los resultados de la Pesquisa.<\/span><\/p>\n<p style=\"text-align: justify;\"><span lang=\"ES-TRAD\">En julio \u00faltimo, Siria denunci\u00f3 que el informe de la OPAQ sobre las acusaciones del uso del qu\u00edmico en Duma carece de credibilidad y objetividad, y distorsiona los hechos.<\/span><\/p>\n<p style=\"text-align: justify;\"><b><u><span lang=\"ES-TRAD\">Putin debate la situaci\u00f3n en Libia y Siria con el Consejo de Seguridad de Rusia<\/span><\/u><\/b><\/p>\n<p style=\"text-align: justify;\"><span lang=\"ES-TRAD\">El presidente ruso, Vlad\u00edmir Putin, examin\u00f3 con los miembros del Consejo de Seguridad de su pa\u00eds, la situaci\u00f3n en Libia y Siria, afirm\u00f3 el portavoz del Kremlin, Dmitri Peskov.<\/span><\/p>\n<p style=\"text-align: justify;\"><span lang=\"ES-TRAD\">\u201cA continuaci\u00f3n de las conversaciones telef\u00f3nicas que el presidente mantuvo en los \u00faltimos d\u00edas con sus hom\u00f3logos extranjeros, se discuti\u00f3 la situaci\u00f3n en Siria y se hizo hincapi\u00e9 en el problema del aumento de la actividad terrorista en Idleb, y se abord\u00f3 tambi\u00e9n la situaci\u00f3n en Libia\u201d, dijo Peskov.<\/span><\/p>\n<p style=\"text-align: justify;\"><span lang=\"ES-TRAD\">A\u00f1adi\u00f3 que los participantes en la reuni\u00f3n se expresaron a favor de apoyar los esfuerzos internacionales para la soluci\u00f3n en Libia.<\/span><\/p>\n<p style=\"text-align: justify;\"><span lang=\"ES-TRAD\">Anteriormente, la portavoz del Ministerio de Exteriores de Rusia, Mar\u00eda Zakharova, afirm\u00f3 que no se puede tolerar la existencia de un enclave terrorista en Idleb.<\/span><\/p>\n<p style=\"text-align: justify;\"><b><u><span lang=\"ES-TRAD\">Nombran estrellas reci\u00e9n descubiertas con nombres de sitios hist\u00f3ricos sirios<\/span><\/u><\/b><\/p>\n<p style=\"text-align: justify;\"><span lang=\"ES-TRAD\">La Uni\u00f3n Astron\u00f3mica Internacional (IAU, por sus siglas en ingl\u00e9s) decidi\u00f3 dar los nombres de \u201cEbla\u201d y \u201cUgarit\u201d &#8211; dos importantes sitios hist\u00f3ricos en Siria &#8211; para una estrella y un planeta reci\u00e9n descubiertos.<\/span><\/p>\n<p style=\"text-align: justify;\"><span lang=\"ES-TRAD\">De acuerdo a la Sociedad Astron\u00f3mica Siria, la IAU tom\u00f3 esa decisi\u00f3n en su \u00faltimo consejo, y eligi\u00f3 los nombres de Ebla y Ugarit para la estrella HD 218566 en la constelaci\u00f3n del zodiaco de Piscis, y el planeta que le orbita.<\/span><\/p>\n<p style=\"text-align: justify;\"><span lang=\"ES-TRAD\">Muhammad Al Asiri, al frente de la entidad siria, declar\u00f3 que el objetivo de nombrar a Ebla y Ugarit es un reconocimiento a que el primer alfabeto de la historia es de Ugarit, junto a vestigios similares en Ebla, demostrado en todas las investigaciones al respecto por arque\u00f3logos y cient\u00edficos.<\/span><\/p>\n<p style=\"text-align: justify;\"><span lang=\"ES-TRAD\">Ebla y Ugarit son los nombres de dos ciudades antiguas sirias en Alepo y Latakia respectivamente.<\/span><\/p>\n<p style=\"text-align: justify;\"><span lang=\"ES-TRAD\">En el 2015, la Uni\u00f3n Internacional de Astronom\u00eda dio el nombre de Palmira a un planeta en \u00f3rbita de la estrella Errai, tambi\u00e9n conocida como Alrai, en la constelaci\u00f3n de Cefeo.<\/span><\/p>\n<p style=\"text-align: justify;\"><b><u><span lang=\"ES-TRAD\">Comienzan las pruebas clasificatorias de la Olimpiada Cient\u00edfica Nacional<\/span><\/u><\/b><\/p>\n<p style=\"text-align: justify;\"><span lang=\"ES-TRAD\">Bajo los auspicios de la Sra. Asmaa Al-Assad y con la participaci\u00f3n de talentos de las diferentes provincias del pa\u00eds, comenzaron hoy las pruebas clasificatorias de la Olimpiada Cient\u00edfica Siria para la temporada 2019-2020.<\/span><\/p>\n<p style=\"text-align: justify;\"><span lang=\"ES-TRAD\">411 alumnos y alumnas participan en los ex\u00e1menes que durar\u00e1n dos d\u00edas, y apuntan a seleccionar los miembros de los equipos nacionales que participar\u00e1n en las competiciones ol\u00edmpicas internacionales el pr\u00f3ximo a\u00f1o en los campos de matem\u00e1ticas, f\u00edsica, qu\u00edmica, inform\u00e1tica y biolog\u00eda.<\/span><\/p>\n<p style=\"text-align: justify;\"><span lang=\"ES-TRAD\">Las competiciones de la Olimpiada Cient\u00edfica Siria para la temporada 2019-2020 comenzaron el 14 de octubre pasado a nivel municipal y provincial.<\/span><\/p>\n<p style=\"text-align: justify;\"><span lang=\"ES-TRAD\">Los equipos de la Olimpiada Cient\u00edfica Siria lograron en las competiciones internacionales en\u00a0\u00a02019, unas 39 medallas de plata y bronce, y certificados de reconocimiento.<\/span><\/p>\n<p style=\"text-align: justify;\"><b><u><span lang=\"ES-TRAD\">Reabren los puertos en Latakia y Tartous ante la navegaci\u00f3n mar\u00edtima<\/span><\/u><\/b><\/p>\n<p style=\"text-align: justify;\"><span lang=\"ES-TRAD\">La Direcci\u00f3n de Puertos Mar\u00edtimos reabri\u00f3 hoy todos los puertos ante la navegaci\u00f3n tras la mejor\u00eda en las condiciones clim\u00e1ticas.<\/span><\/p>\n<p style=\"text-align: justify;\"><span lang=\"ES-TRAD\">El brigadier Ammar Makhluf, Director General de los Puertos, inform\u00f3 en un comunicado facilitado al corresponsal de SANA, que los puertos de Latakia y Tartous, y el puerto petrolero de Banias fueron reabiertos, y tambi\u00e9n los puertos para embarcaciones pesqueras y cruceros.<\/span><\/p>\n<p style=\"text-align: justify;\"><span lang=\"ES-TRAD\">El comunicado confirma que no registr\u00f3 ninguna p\u00e9rdida o da\u00f1o debido a la tormenta que provoc\u00f3 el cierre de los puertos ante la navegaci\u00f3n mar\u00edtima durante los \u00faltimos tres d\u00edas.<\/span><\/p>\n<p style=\"text-align: justify;\"><span lang=\"ES-TRAD\">El martes \u00faltimo, se anunci\u00f3 el cierre de todos los puertos debido a la velocidad del viento que super\u00f3 los 90\u2019 km por horas y las altas marejadas.<\/span><\/p>\n<p style=\"text-align: justify;\"><b><u><span lang=\"ES-TRAD\">Las ferias organizadas en 2019 reflejan la recuperaci\u00f3n de la econom\u00eda siria<\/span><\/u><\/b><\/p>\n<p style=\"text-align: justify;\"><span lang=\"ES-TRAD\">El sector de ferias y conferencias experimenta una tendencia creciente y su rol es cada vez m\u00e1s importante en la reactivaci\u00f3n de la econom\u00eda, el desarrollar de la industria nacional y la atracci\u00f3n de inversiones.<\/span><\/p>\n<p style=\"text-align: justify;\"><span lang=\"ES-TRAD\">Seg\u00fan cifras anunciadas por la Empresa General de Ferias y Mercados Internacionales, el n\u00famero de las ferias organizadas aument\u00f3 de 18 en 2015 a 48 en el a\u00f1o en curso, y se prev\u00e9 la organizaci\u00f3n de un semejante n\u00famero en 2020.<\/span><\/p>\n<p style=\"text-align: justify;\"><span lang=\"ES-TRAD\">\u201cEl sector de Ferias recuper\u00f3 su actividad y mostr\u00f3 al mundo la fuerza de la econom\u00eda siria\u201d, declar\u00f3 Ghassan Al-Fakiani, gerente de la mencionada empresa.<\/span><\/p>\n<p style=\"text-align: justify;\"><span lang=\"ES-TRAD\">Destac\u00f3 la importancia de las ferias especializadas para promover y comercializar los productos nacionales.<\/span><\/p>\n<p style=\"text-align: justify;\"><b><u><span lang=\"ES-TRAD\">Ofertas y rebajas en el Festival de Compras \u201cHecho en Siria\u201d<\/span><\/u><\/b><\/p>\n<p style=\"text-align: justify;\"><span lang=\"ES-TRAD\">Arranc\u00f3 la 97\u00aa edici\u00f3n del Festival de Compras \u201cHecho en Siria\u201d en la Ciudad Deportiva Al-Jalaa, en la capital Damasco.<\/span><\/p>\n<p style=\"text-align: justify;\"><span lang=\"ES-TRAD\">Unas 130 empresas industriales nacionales participan en este evento econ\u00f3mico que organiza la C\u00e1mara de Industria de Damasco y su campo.<\/span><\/p>\n<p style=\"text-align: justify;\"><span lang=\"ES-TRAD\">Las empresas ofrecen una amplia variedad de productos con grandes rebajas.<\/span><\/p>\n<p style=\"text-align: justify;\"><span lang=\"ES-TRAD\">El presidente de la C\u00e1mara de Industria de Damasco, Samer al-Debs, afirm\u00f3 que su entidad seguir\u00e1 organizando este festival medsual de manera peri\u00f3dica para ofrecer productos industriales a los consumidores directamente y a precios reducidos.<\/span><\/p>\n<p style=\"text-align: justify;\"><span lang=\"ES-TRAD\">\u201cLa participaci\u00f3n de varias empresas en la iniciativa del Ministerio de Asuntos Religiosos de rebajar los preciosos, contribuy\u00f3 dar ofertas a los consumidores visitantes del Festival\u201d, se\u00f1al\u00f3<\/span><\/p>\n<p style=\"text-align: justify;\"><span lang=\"ES-TRAD\">Mayser Alaya, uno de los participantes, declar\u00f3 que los productos presentados en el festival tienen precios razonables y cumplen con los requisitos est\u00e1ndares nacionales.<\/span><\/p>\n<p style=\"text-align: justify;\"><span lang=\"ES-TRAD\">La primera edici\u00f3n del Festival \u201cHecho en Siria\u201d se inaugur\u00f3 en abril del 2015 en Damasco, y las ediciones ulteriores abarcaron ciudades de otras provincias del pa\u00eds.<\/span><\/p>\n<p style=\"text-align: justify;\"><span style=\"color: #0000ff;\">F.M\/W.S<\/span><\/p>\n","protected":false},"excerpt":{"rendered":"<p>Damasco, SANA Les ofrecemos a continuaci\u00f3n una s\u00edntesis de las noticias nacionales e internacionales relativas a Siria y difundidas por nuestra agencia en las \u00faltimas 24 horas: WikiLeaks publica nuevos documentos que cuestionan el uso armas qu\u00edmicas en Duma, Siria El portal WikiLeaks public\u00f3 m\u00e1s documentos internos de la OPAQ con respecto a la investigaci\u00f3n &hellip;<\/p>\n","protected":false},"author":35,"featured_media":125366,"comment_status":"closed","ping_status":"closed","sticky":false,"template":"","format":"standard","meta":{"footnotes":""},"categories":[555],"tags":[],"class_list":["post-125365","post","type-post","status-publish","format-standard","has-post-thumbnail","","category-prensa"],"_links":{"self":[{"href":"https:\/\/archive.sana.sy\/es\/index.php?rest_route=\/wp\/v2\/posts\/125365"}],"collection":[{"href":"https:\/\/archive.sana.sy\/es\/index.php?rest_route=\/wp\/v2\/posts"}],"about":[{"href":"https:\/\/archive.sana.sy\/es\/index.php?rest_route=\/wp\/v2\/types\/post"}],"author":[{"embeddable":true,"href":"https:\/\/archive.sana.sy\/es\/index.php?rest_route=\/wp\/v2\/users\/35"}],"replies":[{"embeddable":true,"href":"https:\/\/archive.sana.sy\/es\/index.php?rest_route=%2Fwp%2Fv2%2Fcomments&post=125365"}],"version-history":[{"count":0,"href":"https:\/\/archive.sana.sy\/es\/index.php?rest_route=\/wp\/v2\/posts\/125365\/revisions"}],"wp:featuredmedia":[{"embeddable":true,"href":"https:\/\/archive.sana.sy\/es\/index.php?rest_route=\/wp\/v2\/media\/125366"}],"wp:attachment":[{"href":"https:\/\/archive.sana.sy\/es\/index.php?rest_route=%2Fwp%2Fv2%2Fmedia&parent=125365"}],"wp:term":[{"taxonomy":"category","embeddable":true,"href":"https:\/\/archive.sana.sy\/es\/index.php?rest_route=%2Fwp%2Fv2%2Fcategories&post=125365"},{"taxonomy":"post_tag","embeddable":true,"href":"https:\/\/archive.sana.sy\/es\/index.php?rest_route=%2Fwp%2Fv2%2Ftags&post=125365"}],"curies":[{"name":"wp","href":"https:\/\/api.w.org\/{rel}","templated":true}]}}