{"id":12539,"date":"2014-11-13T17:19:21","date_gmt":"2014-11-13T15:19:21","guid":{"rendered":"http:\/\/www.sana.sy\/es\/?p=12539"},"modified":"2014-11-13T17:19:21","modified_gmt":"2014-11-13T15:19:21","slug":"lanzada-una-jornada-de-reforestacion-en-damasco-campo","status":"publish","type":"post","link":"https:\/\/archive.sana.sy\/es\/?p=12539","title":{"rendered":"Lanzada una jornada de reforestaci\u00f3n en Damasco-campo"},"content":{"rendered":"<p>Damasco-campo, SANA<\/p>\n<p>El Ministerio del Estado para Asuntos de Medio Ambiente en cooperaci\u00f3n con la Gobernaci\u00f3n de Damasco-campo y varias organizaciones juveniles, ha lanzado este jueves una campa\u00f1a para sembrar m\u00e1s de 10 mil \u00e1rboles en una superficie de 30 hect\u00e1reas en Damasco-campo.<\/p>\n<p>La jornada de reforestaci\u00f3n consiste en sembrar cinco mil \u00e1rboles en la zona de al-Haryaleh, 1700 en la localidad de Assayida Zainab, 2500 en Ashrafiyat Sahnaya, y 1000 en al-Adiliya.<\/p>\n<p>Al participar en la jornada realizada en Assayida Zainab, la ministra del Estado para Asuntos de Medio Ambiente, Nazira Sarkis declar\u00f3 a la prensa que el objetivo principal de la misma es devolver las superficies verdes a las \u00e1reas afectadas por la desertificaci\u00f3n y los actos de terroristas, as\u00ed como sensibilizar a la gente de la importancia del \u00e1rbol y sus beneficios ecol\u00f3gicos, econ\u00f3micos y sanitarios.<\/p>\n<p>Lynn A., Riyad Sh.<\/p>\n","protected":false},"excerpt":{"rendered":"<p>Damasco-campo, SANA El Ministerio del Estado para Asuntos de Medio Ambiente en cooperaci\u00f3n con la Gobernaci\u00f3n de Damasco-campo y varias organizaciones juveniles, ha lanzado este jueves una campa\u00f1a para sembrar m\u00e1s de 10 mil \u00e1rboles en una superficie de 30 hect\u00e1reas en Damasco-campo. La jornada de reforestaci\u00f3n consiste en sembrar cinco mil \u00e1rboles en la &hellip;<\/p>\n","protected":false},"author":24,"featured_media":12540,"comment_status":"closed","ping_status":"closed","sticky":false,"template":"","format":"standard","meta":{"footnotes":""},"categories":[477,476],"tags":[2830],"class_list":["post-12539","post","type-post","status-publish","format-standard","has-post-thumbnail","","category-noticias-edulcorantes","category-locales","tag-lanzada-una-jornada-de-reforestacion-en-damasco-campo"],"_links":{"self":[{"href":"https:\/\/archive.sana.sy\/es\/index.php?rest_route=\/wp\/v2\/posts\/12539"}],"collection":[{"href":"https:\/\/archive.sana.sy\/es\/index.php?rest_route=\/wp\/v2\/posts"}],"about":[{"href":"https:\/\/archive.sana.sy\/es\/index.php?rest_route=\/wp\/v2\/types\/post"}],"author":[{"embeddable":true,"href":"https:\/\/archive.sana.sy\/es\/index.php?rest_route=\/wp\/v2\/users\/24"}],"replies":[{"embeddable":true,"href":"https:\/\/archive.sana.sy\/es\/index.php?rest_route=%2Fwp%2Fv2%2Fcomments&post=12539"}],"version-history":[{"count":0,"href":"https:\/\/archive.sana.sy\/es\/index.php?rest_route=\/wp\/v2\/posts\/12539\/revisions"}],"wp:featuredmedia":[{"embeddable":true,"href":"https:\/\/archive.sana.sy\/es\/index.php?rest_route=\/wp\/v2\/media\/12540"}],"wp:attachment":[{"href":"https:\/\/archive.sana.sy\/es\/index.php?rest_route=%2Fwp%2Fv2%2Fmedia&parent=12539"}],"wp:term":[{"taxonomy":"category","embeddable":true,"href":"https:\/\/archive.sana.sy\/es\/index.php?rest_route=%2Fwp%2Fv2%2Fcategories&post=12539"},{"taxonomy":"post_tag","embeddable":true,"href":"https:\/\/archive.sana.sy\/es\/index.php?rest_route=%2Fwp%2Fv2%2Ftags&post=12539"}],"curies":[{"name":"wp","href":"https:\/\/api.w.org\/{rel}","templated":true}]}}