{"id":125461,"date":"2019-12-28T06:55:17","date_gmt":"2019-12-28T04:55:17","guid":{"rendered":"http:\/\/sana.sy\/es\/?p=125461"},"modified":"2019-12-28T22:47:53","modified_gmt":"2019-12-28T20:47:53","slug":"velayati-la-presencia-de-tropas-estadounidenses-en-siria-es-ilegal","status":"publish","type":"post","link":"https:\/\/archive.sana.sy\/es\/?p=125461","title":{"rendered":"Velayati: la presencia de tropas estadounidenses (en Siria) es ilegal"},"content":{"rendered":"<p><span style=\"color: #800000;\">Teher\u00e1n, SANA<\/span><\/p>\n<p style=\"text-align: justify;\">El consejero del inductor de la Revoluci\u00f3n Isl\u00e1mica de Ir\u00e1n para Asuntos Internacionales, Ali Akbar Velayati, reiter\u00f3 la postura iran\u00ed de rechazo a la intervenci\u00f3n extranjera en Siria y la zona, subrayando que la presencia de las tropas de ocupaci\u00f3n yanquis es ileg\u00edtima y contraviene las leyes internacionales.<\/p>\n<p style=\"text-align: justify;\">Durante su encuentro con una delegaci\u00f3n de jefes de tribus sirias, Velayati dijo que Ir\u00e1n se opone a la injerencia extranjera y encara los complots que buscan subdividir a los estados de la regi\u00f3n, se\u00f1alando que su pa\u00eds rechaza la creaci\u00f3n de una &#8220;zona segura&#8221; en Siria.<\/p>\n<p style=\"text-align: justify;\">El canciller iran\u00ed calific\u00f3 la presencia militar yanqui en Siria como &#8220;pirater\u00eda y es incompatible con las leyes internacionales&#8221;, y recalc\u00f3 la necesidad de hacer frente a esa agresi\u00f3n flagrante cuyo prop\u00f3sito es robar las riquezas de los pueblos de la zona.<\/p>\n<p style=\"text-align: justify;\">Refiri\u00e9ndose a la relaci\u00f3n estrat\u00e9gica entre Siria e Ir\u00e1n, Velayati dijo: nuestro destino com\u00fan hace inevitable no callarnos en caso de agresi\u00f3n contra un determinado estado&#8221; e hizo hincapi\u00e9 en la necesidad de liberar los territorios palestinos del ente sionista.<\/p>\n<p style=\"text-align: justify;\">Por su parte, los jeques de tribus afirmaron que la confabulaci\u00f3n sio-norteamericana intent\u00f3 socavar a Siria que gracias a la coordinaci\u00f3n continua con la Rep\u00fablica Isl\u00e1mica de Ir\u00e1n y los aliados logr\u00f3 mantenerse firme frente a la crisis.<\/p>\n<p style=\"text-align: justify;\">El presidente del Consejo de la Shura (parlamento), Ali Lariyani, en un encuentro con la delegaci\u00f3n reafirm\u00f3 el posicionamiento de su pa\u00eds con Siria y expres\u00f3 el deseo iran\u00ed de contribuir eficazmente en la reconstrucci\u00f3n.<\/p>\n<p style=\"text-align: justify;\">Lariyani elogi\u00f3 el liderazgo sabio del presidente Bashar al-Assad.<\/p>\n<p style=\"text-align: justify;\">Por su parte la delegaci\u00f3n de jeques de tribus sirias afirm\u00f3 la necesidad de coordinar continuamente entre los dos pa\u00edses para contribuir a la reconstrucci\u00f3n del pa\u00eds, en especial las zonas liberadas por completo.<\/p>\n<p><span style=\"color: #0000ff;\">R.Sh.\/ R.R.<\/span><\/p>\n","protected":false},"excerpt":{"rendered":"<p>Teher\u00e1n, SANA El consejero del inductor de la Revoluci\u00f3n Isl\u00e1mica de Ir\u00e1n para Asuntos Internacionales, Ali Akbar Velayati, reiter\u00f3 la postura iran\u00ed de rechazo a la intervenci\u00f3n extranjera en Siria y la zona, subrayando que la presencia de las tropas de ocupaci\u00f3n yanquis es ileg\u00edtima y contraviene las leyes internacionales. Durante su encuentro con una &hellip;<\/p>\n","protected":false},"author":31,"featured_media":125467,"comment_status":"closed","ping_status":"closed","sticky":false,"template":"","format":"standard","meta":{"footnotes":""},"categories":[597,467],"tags":[],"class_list":["post-125461","post","type-post","status-publish","format-standard","has-post-thumbnail","","category-cinta-de-noticias","category-siria-y-el-mundo"],"_links":{"self":[{"href":"https:\/\/archive.sana.sy\/es\/index.php?rest_route=\/wp\/v2\/posts\/125461"}],"collection":[{"href":"https:\/\/archive.sana.sy\/es\/index.php?rest_route=\/wp\/v2\/posts"}],"about":[{"href":"https:\/\/archive.sana.sy\/es\/index.php?rest_route=\/wp\/v2\/types\/post"}],"author":[{"embeddable":true,"href":"https:\/\/archive.sana.sy\/es\/index.php?rest_route=\/wp\/v2\/users\/31"}],"replies":[{"embeddable":true,"href":"https:\/\/archive.sana.sy\/es\/index.php?rest_route=%2Fwp%2Fv2%2Fcomments&post=125461"}],"version-history":[{"count":0,"href":"https:\/\/archive.sana.sy\/es\/index.php?rest_route=\/wp\/v2\/posts\/125461\/revisions"}],"wp:featuredmedia":[{"embeddable":true,"href":"https:\/\/archive.sana.sy\/es\/index.php?rest_route=\/wp\/v2\/media\/125467"}],"wp:attachment":[{"href":"https:\/\/archive.sana.sy\/es\/index.php?rest_route=%2Fwp%2Fv2%2Fmedia&parent=125461"}],"wp:term":[{"taxonomy":"category","embeddable":true,"href":"https:\/\/archive.sana.sy\/es\/index.php?rest_route=%2Fwp%2Fv2%2Fcategories&post=125461"},{"taxonomy":"post_tag","embeddable":true,"href":"https:\/\/archive.sana.sy\/es\/index.php?rest_route=%2Fwp%2Fv2%2Ftags&post=125461"}],"curies":[{"name":"wp","href":"https:\/\/api.w.org\/{rel}","templated":true}]}}