{"id":12555,"date":"2014-11-15T14:35:16","date_gmt":"2014-11-15T12:35:16","guid":{"rendered":"http:\/\/www.sana.sy\/es\/?p=12555"},"modified":"2014-11-16T14:16:36","modified_gmt":"2014-11-16T12:16:36","slug":"partido-baath-reafirma-necesidad-de-apoyar-a-las-fuerzas-armadas-en-su-lucha-contra-el-terrorismo-y-el-extremismo","status":"publish","type":"post","link":"https:\/\/archive.sana.sy\/es\/?p=12555","title":{"rendered":"Partido Baath reafirma necesidad de apoyar a las fuerzas armadas en su lucha contra el terrorismo y el extremismo"},"content":{"rendered":"<p>Damasco, SANA<br \/>\nEl Partido Baath \u00c1rabe Socialista afirm\u00f3 que el aniversario del Movimiento de Rectificaci\u00f3n debe ser un incentivo y una motivaci\u00f3n para trabajar con honestidad y reiterar el apoyo al ej\u00e9rcito sirio en su lucha contra las fuerzas extremistas y terroristas con el fin de preservar la soberan\u00eda nacional.<\/p>\n<p>En un comunicado emitido con motivo del 44\u00ba aniversario del Movimiento de Rectificaci\u00f3n, la Direcci\u00f3n Nacional del Partido Baath afirm\u00f3 que la guerra que enfrenta Siria destaca la importancia de seguir hacia adelante en la marcha del Movimiento Rectificador, que ha comenzado hace 44 a\u00f1os.<\/p>\n<p>El comunicado explic\u00f3 que enfrentar al extremismo en los niveles educativo, social e ideol\u00f3gico debe ser una prioridad, adem\u00e1s de la renovaci\u00f3n del pensamiento y reforzar la lucha contra la corrupci\u00f3n.<\/p>\n<p>Asimismo, reiter\u00f3 la necesidad de no permitir a los due\u00f1os de la ideolog\u00eda extremista y wahab\u00ed de apoderarse de Siria.<\/p>\n<p>Fady M., Lynn A.<\/p>\n","protected":false},"excerpt":{"rendered":"<p>Damasco, SANA El Partido Baath \u00c1rabe Socialista afirm\u00f3 que el aniversario del Movimiento de Rectificaci\u00f3n debe ser un incentivo y una motivaci\u00f3n para trabajar con honestidad y reiterar el apoyo al ej\u00e9rcito sirio en su lucha contra las fuerzas extremistas y terroristas con el fin de preservar la soberan\u00eda nacional. En un comunicado emitido con &hellip;<\/p>\n","protected":false},"author":24,"featured_media":12556,"comment_status":"closed","ping_status":"closed","sticky":false,"template":"","format":"standard","meta":{"footnotes":""},"categories":[477,476],"tags":[],"class_list":["post-12555","post","type-post","status-publish","format-standard","has-post-thumbnail","","category-noticias-edulcorantes","category-locales"],"_links":{"self":[{"href":"https:\/\/archive.sana.sy\/es\/index.php?rest_route=\/wp\/v2\/posts\/12555"}],"collection":[{"href":"https:\/\/archive.sana.sy\/es\/index.php?rest_route=\/wp\/v2\/posts"}],"about":[{"href":"https:\/\/archive.sana.sy\/es\/index.php?rest_route=\/wp\/v2\/types\/post"}],"author":[{"embeddable":true,"href":"https:\/\/archive.sana.sy\/es\/index.php?rest_route=\/wp\/v2\/users\/24"}],"replies":[{"embeddable":true,"href":"https:\/\/archive.sana.sy\/es\/index.php?rest_route=%2Fwp%2Fv2%2Fcomments&post=12555"}],"version-history":[{"count":0,"href":"https:\/\/archive.sana.sy\/es\/index.php?rest_route=\/wp\/v2\/posts\/12555\/revisions"}],"wp:featuredmedia":[{"embeddable":true,"href":"https:\/\/archive.sana.sy\/es\/index.php?rest_route=\/wp\/v2\/media\/12556"}],"wp:attachment":[{"href":"https:\/\/archive.sana.sy\/es\/index.php?rest_route=%2Fwp%2Fv2%2Fmedia&parent=12555"}],"wp:term":[{"taxonomy":"category","embeddable":true,"href":"https:\/\/archive.sana.sy\/es\/index.php?rest_route=%2Fwp%2Fv2%2Fcategories&post=12555"},{"taxonomy":"post_tag","embeddable":true,"href":"https:\/\/archive.sana.sy\/es\/index.php?rest_route=%2Fwp%2Fv2%2Ftags&post=12555"}],"curies":[{"name":"wp","href":"https:\/\/api.w.org\/{rel}","templated":true}]}}