{"id":125612,"date":"2019-12-30T11:35:21","date_gmt":"2019-12-30T09:35:21","guid":{"rendered":"http:\/\/sana.sy\/es\/?p=125612"},"modified":"2019-12-30T11:35:21","modified_gmt":"2019-12-30T09:35:21","slug":"fotos-los-terroristas-abatidos-en-idleb-llevaban-las-banderas-del-daesh","status":"publish","type":"post","link":"https:\/\/archive.sana.sy\/es\/?p=125612","title":{"rendered":"Fotos: los terroristas abatidos en Idleb llevaban las banderas del Daesh"},"content":{"rendered":"<p style=\"text-align: justify;\"><span lang=\"ES-TRAD\" style=\"color: #800000;\">Idleb, SANA<\/span><\/p>\n<p style=\"text-align: justify;\"><span lang=\"ES-TRAD\">Las unidades del ej\u00e9rcito \u00e1rabe sirio liberaron a m\u00e1s de cuarenta localidades en el sudeste de la provincia de Idleb, donde numerosos terroristas fueron abatidos.<\/span><\/p>\n<p style=\"text-align: justify;\"><span lang=\"ES-TRAD\">Algunos de extremistas eliminados llevaban la bandera del grupo terrorista &#8220;Daesh&#8221;.<\/span><\/p>\n<p style=\"text-align: justify;\"><span style=\"color: #0000ff;\">F.M\/ E.D<\/span><\/p>\n<div id='gallery-1' class='gallery galleryid-125612 gallery-columns-1 gallery-size-full'><figure class='gallery-item'>\n\t\t\t<div class='gallery-icon portrait'>\n\t\t\t\t<a href='https:\/\/archive.sana.sy\/es\/wp-content\/uploads\/2019\/12\/22-65.jpg'><img loading=\"lazy\" decoding=\"async\" width=\"660\" height=\"911\" src=\"https:\/\/archive.sana.sy\/es\/wp-content\/uploads\/2019\/12\/22-65.jpg\" class=\"attachment-full size-full\" alt=\"\" srcset=\"https:\/\/archive.sana.sy\/es\/wp-content\/uploads\/2019\/12\/22-65.jpg 660w, https:\/\/archive.sana.sy\/es\/wp-content\/uploads\/2019\/12\/22-65-217x300.jpg 217w, https:\/\/archive.sana.sy\/es\/wp-content\/uploads\/2019\/12\/22-65-109x150.jpg 109w\" sizes=\"(max-width: 660px) 100vw, 660px\" \/><\/a>\n\t\t\t<\/div><\/figure><figure class='gallery-item'>\n\t\t\t<div class='gallery-icon landscape'>\n\t\t\t\t<a href='https:\/\/archive.sana.sy\/es\/wp-content\/uploads\/2019\/12\/idleb.jpg'><img loading=\"lazy\" decoding=\"async\" width=\"660\" height=\"330\" src=\"https:\/\/archive.sana.sy\/es\/wp-content\/uploads\/2019\/12\/idleb.jpg\" class=\"attachment-full size-full\" alt=\"\" srcset=\"https:\/\/archive.sana.sy\/es\/wp-content\/uploads\/2019\/12\/idleb.jpg 660w, https:\/\/archive.sana.sy\/es\/wp-content\/uploads\/2019\/12\/idleb-300x150.jpg 300w, https:\/\/archive.sana.sy\/es\/wp-content\/uploads\/2019\/12\/idleb-150x75.jpg 150w\" sizes=\"(max-width: 660px) 100vw, 660px\" \/><\/a>\n\t\t\t<\/div><\/figure>\n\t\t<\/div>\n\n","protected":false},"excerpt":{"rendered":"<p>Idleb, SANA Las unidades del ej\u00e9rcito \u00e1rabe sirio liberaron a m\u00e1s de cuarenta localidades en el sudeste de la provincia de Idleb, donde numerosos terroristas fueron abatidos. Algunos de extremistas eliminados llevaban la bandera del grupo terrorista &#8220;Daesh&#8221;. F.M\/ E.D<\/p>\n","protected":false},"author":32,"featured_media":125613,"comment_status":"closed","ping_status":"closed","sticky":false,"template":"","format":"standard","meta":{"footnotes":""},"categories":[597,573,7541],"tags":[17264],"class_list":["post-125612","post","type-post","status-publish","format-standard","has-post-thumbnail","","category-cinta-de-noticias","category-la-realidad-de-los-acontecimientos-en-siria","category-ultimas-noticias","tag-fotos-los-terroristas-abatidos-en-idleb-llevaban-las-banderas-del-daesh"],"_links":{"self":[{"href":"https:\/\/archive.sana.sy\/es\/index.php?rest_route=\/wp\/v2\/posts\/125612"}],"collection":[{"href":"https:\/\/archive.sana.sy\/es\/index.php?rest_route=\/wp\/v2\/posts"}],"about":[{"href":"https:\/\/archive.sana.sy\/es\/index.php?rest_route=\/wp\/v2\/types\/post"}],"author":[{"embeddable":true,"href":"https:\/\/archive.sana.sy\/es\/index.php?rest_route=\/wp\/v2\/users\/32"}],"replies":[{"embeddable":true,"href":"https:\/\/archive.sana.sy\/es\/index.php?rest_route=%2Fwp%2Fv2%2Fcomments&post=125612"}],"version-history":[{"count":0,"href":"https:\/\/archive.sana.sy\/es\/index.php?rest_route=\/wp\/v2\/posts\/125612\/revisions"}],"wp:featuredmedia":[{"embeddable":true,"href":"https:\/\/archive.sana.sy\/es\/index.php?rest_route=\/wp\/v2\/media\/125613"}],"wp:attachment":[{"href":"https:\/\/archive.sana.sy\/es\/index.php?rest_route=%2Fwp%2Fv2%2Fmedia&parent=125612"}],"wp:term":[{"taxonomy":"category","embeddable":true,"href":"https:\/\/archive.sana.sy\/es\/index.php?rest_route=%2Fwp%2Fv2%2Fcategories&post=125612"},{"taxonomy":"post_tag","embeddable":true,"href":"https:\/\/archive.sana.sy\/es\/index.php?rest_route=%2Fwp%2Fv2%2Ftags&post=125612"}],"curies":[{"name":"wp","href":"https:\/\/api.w.org\/{rel}","templated":true}]}}