{"id":125617,"date":"2019-12-30T11:32:59","date_gmt":"2019-12-30T09:32:59","guid":{"rendered":"http:\/\/sana.sy\/es\/?p=125617"},"modified":"2019-12-30T12:54:53","modified_gmt":"2019-12-30T10:54:53","slug":"espectaculo-de-danza-teatral-inspirado-de-las-fiestas-de-fin-d-ano-fotos","status":"publish","type":"post","link":"https:\/\/archive.sana.sy\/es\/?p=125617","title":{"rendered":"Espect\u00e1culo de danza teatral inspirado de las fiestas de Fin d A\u00f1o. (+fotos)"},"content":{"rendered":"<p style=\"text-align: justify;\"><span style=\"color: #800000;\">Damasco, SANA<\/span><\/p>\n<p style=\"text-align: justify;\">El gran teatro de la \u00d3pera de Damasco acogi\u00f3 un espect\u00e1culo de danza teatral bajo el t\u00edtulo &#8220;El sue\u00f1o&#8221;, la idea del mismo fue inspirada de las fiestas de la Navidad y A\u00f1o Nuevo.<\/p>\n<p style=\"text-align: justify;\">Ni\u00f1os talentosos de la academia Suriana Al-Salam protagonizaron el espect\u00e1culo que se destac\u00f3 en movimiento, m\u00fasica, acrobacias y danza.<\/p>\n<p style=\"text-align: justify;\">Los ni\u00f1os lograron mediante su actuaci\u00f3n que combin\u00f3 la habilidad con la ligereza en el baile, generar diversi\u00f3n al teatro, lo que hizo que la audiencia interactuara con el espect\u00e1culo.<\/p>\n<p style=\"text-align: justify;\"><span style=\"color: #0000ff;\">F.M\/ E.D<\/span><\/p>\n<div id='gallery-1' class='gallery galleryid-125617 gallery-columns-1 gallery-size-full'><figure class='gallery-item'>\n\t\t\t<div class='gallery-icon landscape'>\n\t\t\t\t<a href='https:\/\/archive.sana.sy\/es\/wp-content\/uploads\/2019\/12\/El-Sueo-1.jpg'><img loading=\"lazy\" decoding=\"async\" width=\"660\" height=\"330\" src=\"https:\/\/archive.sana.sy\/es\/wp-content\/uploads\/2019\/12\/El-Sueo-1.jpg\" class=\"attachment-full size-full\" alt=\"\" srcset=\"https:\/\/archive.sana.sy\/es\/wp-content\/uploads\/2019\/12\/El-Sueo-1.jpg 660w, https:\/\/archive.sana.sy\/es\/wp-content\/uploads\/2019\/12\/El-Sueo-1-300x150.jpg 300w, https:\/\/archive.sana.sy\/es\/wp-content\/uploads\/2019\/12\/El-Sueo-1-150x75.jpg 150w\" sizes=\"(max-width: 660px) 100vw, 660px\" \/><\/a>\n\t\t\t<\/div><\/figure><figure class='gallery-item'>\n\t\t\t<div class='gallery-icon landscape'>\n\t\t\t\t<a href='https:\/\/archive.sana.sy\/es\/wp-content\/uploads\/2019\/12\/7-198.jpg'><img loading=\"lazy\" decoding=\"async\" width=\"660\" height=\"398\" src=\"https:\/\/archive.sana.sy\/es\/wp-content\/uploads\/2019\/12\/7-198.jpg\" class=\"attachment-full size-full\" alt=\"\" srcset=\"https:\/\/archive.sana.sy\/es\/wp-content\/uploads\/2019\/12\/7-198.jpg 660w, https:\/\/archive.sana.sy\/es\/wp-content\/uploads\/2019\/12\/7-198-300x181.jpg 300w, https:\/\/archive.sana.sy\/es\/wp-content\/uploads\/2019\/12\/7-198-150x90.jpg 150w\" sizes=\"(max-width: 660px) 100vw, 660px\" \/><\/a>\n\t\t\t<\/div><\/figure><figure class='gallery-item'>\n\t\t\t<div class='gallery-icon landscape'>\n\t\t\t\t<a href='https:\/\/archive.sana.sy\/es\/wp-content\/uploads\/2019\/12\/6-207.jpg'><img loading=\"lazy\" decoding=\"async\" width=\"660\" height=\"411\" src=\"https:\/\/archive.sana.sy\/es\/wp-content\/uploads\/2019\/12\/6-207.jpg\" class=\"attachment-full size-full\" alt=\"\" srcset=\"https:\/\/archive.sana.sy\/es\/wp-content\/uploads\/2019\/12\/6-207.jpg 660w, https:\/\/archive.sana.sy\/es\/wp-content\/uploads\/2019\/12\/6-207-300x187.jpg 300w, https:\/\/archive.sana.sy\/es\/wp-content\/uploads\/2019\/12\/6-207-150x93.jpg 150w\" sizes=\"(max-width: 660px) 100vw, 660px\" \/><\/a>\n\t\t\t<\/div><\/figure><figure class='gallery-item'>\n\t\t\t<div class='gallery-icon landscape'>\n\t\t\t\t<a href='https:\/\/archive.sana.sy\/es\/wp-content\/uploads\/2019\/12\/8-172.jpg'><img loading=\"lazy\" decoding=\"async\" width=\"660\" height=\"402\" src=\"https:\/\/archive.sana.sy\/es\/wp-content\/uploads\/2019\/12\/8-172.jpg\" class=\"attachment-full size-full\" alt=\"\" srcset=\"https:\/\/archive.sana.sy\/es\/wp-content\/uploads\/2019\/12\/8-172.jpg 660w, https:\/\/archive.sana.sy\/es\/wp-content\/uploads\/2019\/12\/8-172-300x183.jpg 300w, https:\/\/archive.sana.sy\/es\/wp-content\/uploads\/2019\/12\/8-172-150x91.jpg 150w\" sizes=\"(max-width: 660px) 100vw, 660px\" \/><\/a>\n\t\t\t<\/div><\/figure><figure class='gallery-item'>\n\t\t\t<div class='gallery-icon landscape'>\n\t\t\t\t<a href='https:\/\/archive.sana.sy\/es\/wp-content\/uploads\/2019\/12\/9-143.jpg'><img loading=\"lazy\" decoding=\"async\" width=\"660\" height=\"408\" src=\"https:\/\/archive.sana.sy\/es\/wp-content\/uploads\/2019\/12\/9-143.jpg\" class=\"attachment-full size-full\" alt=\"\" srcset=\"https:\/\/archive.sana.sy\/es\/wp-content\/uploads\/2019\/12\/9-143.jpg 660w, https:\/\/archive.sana.sy\/es\/wp-content\/uploads\/2019\/12\/9-143-300x185.jpg 300w, https:\/\/archive.sana.sy\/es\/wp-content\/uploads\/2019\/12\/9-143-150x93.jpg 150w\" sizes=\"(max-width: 660px) 100vw, 660px\" \/><\/a>\n\t\t\t<\/div><\/figure><figure class='gallery-item'>\n\t\t\t<div class='gallery-icon landscape'>\n\t\t\t\t<a href='https:\/\/archive.sana.sy\/es\/wp-content\/uploads\/2019\/12\/10-160.jpg'><img loading=\"lazy\" decoding=\"async\" width=\"660\" height=\"391\" src=\"https:\/\/archive.sana.sy\/es\/wp-content\/uploads\/2019\/12\/10-160.jpg\" class=\"attachment-full size-full\" alt=\"\" srcset=\"https:\/\/archive.sana.sy\/es\/wp-content\/uploads\/2019\/12\/10-160.jpg 660w, https:\/\/archive.sana.sy\/es\/wp-content\/uploads\/2019\/12\/10-160-300x178.jpg 300w, https:\/\/archive.sana.sy\/es\/wp-content\/uploads\/2019\/12\/10-160-150x89.jpg 150w\" sizes=\"(max-width: 660px) 100vw, 660px\" \/><\/a>\n\t\t\t<\/div><\/figure>\n\t\t<\/div>\n\n","protected":false},"excerpt":{"rendered":"<p>Damasco, SANA El gran teatro de la \u00d3pera de Damasco acogi\u00f3 un espect\u00e1culo de danza teatral bajo el t\u00edtulo &#8220;El sue\u00f1o&#8221;, la idea del mismo fue inspirada de las fiestas de la Navidad y A\u00f1o Nuevo. Ni\u00f1os talentosos de la academia Suriana Al-Salam protagonizaron el espect\u00e1culo que se destac\u00f3 en movimiento, m\u00fasica, acrobacias y danza. &hellip;<\/p>\n","protected":false},"author":32,"featured_media":125618,"comment_status":"closed","ping_status":"closed","sticky":false,"template":"","format":"standard","meta":{"footnotes":""},"categories":[597,510,7541],"tags":[17265],"class_list":["post-125617","post","type-post","status-publish","format-standard","has-post-thumbnail","","category-cinta-de-noticias","category-arte-y-cultura","category-ultimas-noticias","tag-espectaculo-de-danza-teatral-inspirado-de-las-fiestas-de-fin-d-ano-fotos"],"_links":{"self":[{"href":"https:\/\/archive.sana.sy\/es\/index.php?rest_route=\/wp\/v2\/posts\/125617"}],"collection":[{"href":"https:\/\/archive.sana.sy\/es\/index.php?rest_route=\/wp\/v2\/posts"}],"about":[{"href":"https:\/\/archive.sana.sy\/es\/index.php?rest_route=\/wp\/v2\/types\/post"}],"author":[{"embeddable":true,"href":"https:\/\/archive.sana.sy\/es\/index.php?rest_route=\/wp\/v2\/users\/32"}],"replies":[{"embeddable":true,"href":"https:\/\/archive.sana.sy\/es\/index.php?rest_route=%2Fwp%2Fv2%2Fcomments&post=125617"}],"version-history":[{"count":0,"href":"https:\/\/archive.sana.sy\/es\/index.php?rest_route=\/wp\/v2\/posts\/125617\/revisions"}],"wp:featuredmedia":[{"embeddable":true,"href":"https:\/\/archive.sana.sy\/es\/index.php?rest_route=\/wp\/v2\/media\/125618"}],"wp:attachment":[{"href":"https:\/\/archive.sana.sy\/es\/index.php?rest_route=%2Fwp%2Fv2%2Fmedia&parent=125617"}],"wp:term":[{"taxonomy":"category","embeddable":true,"href":"https:\/\/archive.sana.sy\/es\/index.php?rest_route=%2Fwp%2Fv2%2Fcategories&post=125617"},{"taxonomy":"post_tag","embeddable":true,"href":"https:\/\/archive.sana.sy\/es\/index.php?rest_route=%2Fwp%2Fv2%2Ftags&post=125617"}],"curies":[{"name":"wp","href":"https:\/\/api.w.org\/{rel}","templated":true}]}}