{"id":125626,"date":"2019-12-30T13:20:56","date_gmt":"2019-12-30T11:20:56","guid":{"rendered":"http:\/\/sana.sy\/es\/?p=125626"},"modified":"2019-12-30T14:30:07","modified_gmt":"2019-12-30T12:30:07","slug":"lavrov-algunos-gobiernos-occidentales-protegen-a-los-terroristas-en-siria","status":"publish","type":"post","link":"https:\/\/archive.sana.sy\/es\/?p=125626","title":{"rendered":"Lavrov: algunos gobiernos occidentales protegen a los terroristas en Siria"},"content":{"rendered":"<div class=\"gs\">\n<div class=\"\">\n<div id=\":14v\" class=\"ii gt\">\n<div id=\":135\" class=\"a3s aXjCH \">\n<div dir=\"ltr\">\n<div>\n<p><span style=\"color: #800000;\">Mosc\u00fa, SANA<\/span><\/p>\n<p>El Ministro de Exteriores de Rusia, Serguei Lavrov, denunci\u00f3 hoy que algunos gobiernos occidentales siguen protegiendo a las organizaciones terroristas en Siria en una violaci\u00f3n de las resoluciones del Consejo de Seguridad.<\/p>\n<p>&#8220;Nos preocupa los intentos de algunos pa\u00edses de inmiscuirse en los asuntos de otros pa\u00edses&#8221;, dijo Lavrov en una rueda de prensa con su hom\u00f3logo iran\u00ed, Mohammed Javad Zarif, en Mosc\u00fa.<\/p>\n<p>Por su parte, el jefe de la diplomacia iran\u00ed dijo que se trabaja para poner fin a la crisis en Siria a trav\u00e9s de la f\u00f3rmula de Astan\u00e1.<\/p>\n<p>Destac\u00f3 la necesidad de eliminar definitivamente el terrorismo en Siria.<\/p>\n<p><span style=\"color: #0000ff;\">F.M\/ E.D<\/span><\/p>\n<\/div>\n<div class=\"adL\"><\/div>\n<\/div>\n<\/div>\n<\/div>\n<div class=\"hi\"><\/div>\n<\/div>\n<\/div>\n","protected":false},"excerpt":{"rendered":"<p>Mosc\u00fa, SANA El Ministro de Exteriores de Rusia, Serguei Lavrov, denunci\u00f3 hoy que algunos gobiernos occidentales siguen protegiendo a las organizaciones terroristas en Siria en una violaci\u00f3n de las resoluciones del Consejo de Seguridad. &#8220;Nos preocupa los intentos de algunos pa\u00edses de inmiscuirse en los asuntos de otros pa\u00edses&#8221;, dijo Lavrov en una rueda de &hellip;<\/p>\n","protected":false},"author":32,"featured_media":125634,"comment_status":"closed","ping_status":"closed","sticky":false,"template":"","format":"standard","meta":{"footnotes":""},"categories":[597,467,7541],"tags":[17266],"class_list":["post-125626","post","type-post","status-publish","format-standard","has-post-thumbnail","","category-cinta-de-noticias","category-siria-y-el-mundo","category-ultimas-noticias","tag-lavrov-algunos-gobiernos-occidentales-protegen-a-los-terroristas-en-siria"],"_links":{"self":[{"href":"https:\/\/archive.sana.sy\/es\/index.php?rest_route=\/wp\/v2\/posts\/125626"}],"collection":[{"href":"https:\/\/archive.sana.sy\/es\/index.php?rest_route=\/wp\/v2\/posts"}],"about":[{"href":"https:\/\/archive.sana.sy\/es\/index.php?rest_route=\/wp\/v2\/types\/post"}],"author":[{"embeddable":true,"href":"https:\/\/archive.sana.sy\/es\/index.php?rest_route=\/wp\/v2\/users\/32"}],"replies":[{"embeddable":true,"href":"https:\/\/archive.sana.sy\/es\/index.php?rest_route=%2Fwp%2Fv2%2Fcomments&post=125626"}],"version-history":[{"count":0,"href":"https:\/\/archive.sana.sy\/es\/index.php?rest_route=\/wp\/v2\/posts\/125626\/revisions"}],"wp:featuredmedia":[{"embeddable":true,"href":"https:\/\/archive.sana.sy\/es\/index.php?rest_route=\/wp\/v2\/media\/125634"}],"wp:attachment":[{"href":"https:\/\/archive.sana.sy\/es\/index.php?rest_route=%2Fwp%2Fv2%2Fmedia&parent=125626"}],"wp:term":[{"taxonomy":"category","embeddable":true,"href":"https:\/\/archive.sana.sy\/es\/index.php?rest_route=%2Fwp%2Fv2%2Fcategories&post=125626"},{"taxonomy":"post_tag","embeddable":true,"href":"https:\/\/archive.sana.sy\/es\/index.php?rest_route=%2Fwp%2Fv2%2Ftags&post=125626"}],"curies":[{"name":"wp","href":"https:\/\/api.w.org\/{rel}","templated":true}]}}