{"id":125630,"date":"2019-12-30T11:33:13","date_gmt":"2019-12-30T09:33:13","guid":{"rendered":"http:\/\/sana.sy\/es\/?p=125630"},"modified":"2019-12-30T15:22:55","modified_gmt":"2019-12-30T13:22:55","slug":"atleta-sirio-en-salto-de-altura-se-clasifica-para-los-juegos-olimpicos-tokio-2020","status":"publish","type":"post","link":"https:\/\/archive.sana.sy\/es\/?p=125630","title":{"rendered":"Atleta sirio en salto de altura se clasifica para los Juegos Ol\u00edmpicos Tokio 2020"},"content":{"rendered":"<div class=\"adn ads\" data-message-id=\"#msg-f:1654345888250986901\" data-legacy-message-id=\"16f56ad1fcd40195\">\n<div class=\"gs\">\n<div class=\"\">\n<div id=\":1qt\" class=\"ii gt\">\n<div id=\":140\" class=\"a3s aXjCH \">\n<div id=\"m_-1846549741335126070ydpf0a9d07byahoo_quoted_8379507952\">\n<div style=\"text-align: justify;\">\n<div id=\"m_-1846549741335126070ydpf0a9d07byiv2551366987\">\n<div dir=\"ltr\">\n<p style=\"text-align: justify;\"><span style=\"color: #800000;\">Damasco, SANA<\/span><\/p>\n<p style=\"text-align: justify;\">El atleta sirio Majd Al-Din Ghazal se clasific\u00f3 para los juegos Ol\u00edmpicos de Tokio 2020 despu\u00e9s de ocupar el sexto lugar en el ranking mundial.<\/p>\n<p style=\"text-align: justify;\">Ghazal obtuvo 1312 puntos en el ranking mundial que emite la Federaci\u00f3n Internacional de Atletismo y as\u00ed ocupa el sexto en la competencia de salto de altura y clasifica junto a 32 atletas para los Juegos Ol\u00edmpicos de Tokio 2020.<\/p>\n<p style=\"text-align: justify;\">El atleta Majd Al-Din Ghazal gan\u00f3 las medallas de oro en el Campeonato de Asia y el Torneo Internacional de Bratislava en Eslovaquia, adem\u00e1s de ocupar el primer lugar en el Torneo de Londres.<\/p>\n<p style=\"text-align: justify;\"><span style=\"color: #0000ff;\">E.D\/ F.M<\/span><\/p>\n<p style=\"text-align: justify;\">\n<\/div>\n<\/div>\n<\/div>\n<\/div>\n<\/div>\n<\/div>\n<\/div>\n<\/div>\n<\/div>\n","protected":false},"excerpt":{"rendered":"<p>Damasco, SANA El atleta sirio Majd Al-Din Ghazal se clasific\u00f3 para los juegos Ol\u00edmpicos de Tokio 2020 despu\u00e9s de ocupar el sexto lugar en el ranking mundial. Ghazal obtuvo 1312 puntos en el ranking mundial que emite la Federaci\u00f3n Internacional de Atletismo y as\u00ed ocupa el sexto en la competencia de salto de altura y &hellip;<\/p>\n","protected":false},"author":32,"featured_media":125631,"comment_status":"closed","ping_status":"closed","sticky":false,"template":"","format":"standard","meta":{"footnotes":""},"categories":[597,494,7541],"tags":[17267],"class_list":["post-125630","post","type-post","status-publish","format-standard","has-post-thumbnail","","category-cinta-de-noticias","category-deportes","category-ultimas-noticias","tag-atleta-sirio-en-salto-de-altura-se-clasifica-para-los-juegos-olimpicos-tokio-2020"],"_links":{"self":[{"href":"https:\/\/archive.sana.sy\/es\/index.php?rest_route=\/wp\/v2\/posts\/125630"}],"collection":[{"href":"https:\/\/archive.sana.sy\/es\/index.php?rest_route=\/wp\/v2\/posts"}],"about":[{"href":"https:\/\/archive.sana.sy\/es\/index.php?rest_route=\/wp\/v2\/types\/post"}],"author":[{"embeddable":true,"href":"https:\/\/archive.sana.sy\/es\/index.php?rest_route=\/wp\/v2\/users\/32"}],"replies":[{"embeddable":true,"href":"https:\/\/archive.sana.sy\/es\/index.php?rest_route=%2Fwp%2Fv2%2Fcomments&post=125630"}],"version-history":[{"count":0,"href":"https:\/\/archive.sana.sy\/es\/index.php?rest_route=\/wp\/v2\/posts\/125630\/revisions"}],"wp:featuredmedia":[{"embeddable":true,"href":"https:\/\/archive.sana.sy\/es\/index.php?rest_route=\/wp\/v2\/media\/125631"}],"wp:attachment":[{"href":"https:\/\/archive.sana.sy\/es\/index.php?rest_route=%2Fwp%2Fv2%2Fmedia&parent=125630"}],"wp:term":[{"taxonomy":"category","embeddable":true,"href":"https:\/\/archive.sana.sy\/es\/index.php?rest_route=%2Fwp%2Fv2%2Fcategories&post=125630"},{"taxonomy":"post_tag","embeddable":true,"href":"https:\/\/archive.sana.sy\/es\/index.php?rest_route=%2Fwp%2Fv2%2Ftags&post=125630"}],"curies":[{"name":"wp","href":"https:\/\/api.w.org\/{rel}","templated":true}]}}