{"id":12564,"date":"2014-11-13T19:54:16","date_gmt":"2014-11-13T17:54:16","guid":{"rendered":"http:\/\/www.sana.sy\/es\/?p=12564"},"modified":"2014-11-15T13:55:09","modified_gmt":"2014-11-15T11:55:09","slug":"ministro-del-interior-el-gobierno-sirio-ofrece-todas-las-facilidades-a-las-organizaciones-internacionales-humanitarias","status":"publish","type":"post","link":"https:\/\/archive.sana.sy\/es\/?p=12564","title":{"rendered":"Ministro del Interior: el gobierno sirio ofrece todas las facilidades a las organizaciones internacionales humanitarias"},"content":{"rendered":"<p>Damasco, SANA<\/p>\n<p>El ministro del Interior, general Mohamad al-Shaar ratific\u00f3 el apoyo a las organizaciones internacionales en su misi\u00f3n humanitaria en Siria.<\/p>\n<p>Al reunirse con el presidente del Comit\u00e9 Internacional de la Cruz Roja (CICR), Peter Maurer, el titular del Interior destac\u00f3 la plena cooperaci\u00f3n de Siria con el CICR para garantizar el \u00e9xito de su misi\u00f3n, elogiando los servicios brindados por el mismo bajo las duras condiciones por las que atraviesa el pa\u00eds. Asimismo hizo referencia a los continuos intentos de los terroristas para impedir la llegada de la asistencia humanitaria a los civiles afectados.<\/p>\n<p>A su vez, Maurer agradeci\u00f3 al Gobierno sirio las facilidades concedidas para garantizar el \u00e9xito de su tarea humanitaria, afirmando que su comit\u00e9 intensificar\u00e1 su actividad en Siria para aliviar el sufrimiento de los civiles.<\/p>\n<p>Asimismo subray\u00f3 que el CICR desea apoyar los esfuerzos en marcha por la reconciliaci\u00f3n nacional adoptada por el gobiernos sirio a trav\u00e9s de aumentar el lote de las ayudas en las zonas donde prevalece el proceso de reconciliaci\u00f3n.<br \/>\nEn otro contexto, el Ministro del Interior examin\u00f3 con el embajador de Sud\u00e1frica en Damasco, Sr. S E Byneveldt, la cooperaci\u00f3n biltaral y las v\u00edas de desarrollarla.<\/p>\n<p>El ministro al-Shaar elogi\u00f3 las posturas de Sud\u00e1frica en apoyo de Siria en las instancias internacionales, acotando que la injerencia exterior y el apoyo armament\u00edstico y financiero a los terroristas es el problema principal de la crisis siria.<\/p>\n<p>A su vez, el embajador sudafricano reiter\u00f3 el firme apoyo de su pa\u00eds a Siria en su lucha contra el terrorismo.<br \/>\nLynn A., Riyad Sh.<\/p>\n","protected":false},"excerpt":{"rendered":"<p>Damasco, SANA El ministro del Interior, general Mohamad al-Shaar ratific\u00f3 el apoyo a las organizaciones internacionales en su misi\u00f3n humanitaria en Siria. Al reunirse con el presidente del Comit\u00e9 Internacional de la Cruz Roja (CICR), Peter Maurer, el titular del Interior destac\u00f3 la plena cooperaci\u00f3n de Siria con el CICR para garantizar el \u00e9xito de &hellip;<\/p>\n","protected":false},"author":24,"featured_media":12565,"comment_status":"closed","ping_status":"closed","sticky":false,"template":"","format":"standard","meta":{"footnotes":""},"categories":[477,476],"tags":[2836],"class_list":["post-12564","post","type-post","status-publish","format-standard","has-post-thumbnail","","category-noticias-edulcorantes","category-locales","tag-ministro-del-interior-el-gobierno-sirio-ofrece-todas-las-facilidades-a-las-organizaciones-internacionales-humanitarias"],"_links":{"self":[{"href":"https:\/\/archive.sana.sy\/es\/index.php?rest_route=\/wp\/v2\/posts\/12564"}],"collection":[{"href":"https:\/\/archive.sana.sy\/es\/index.php?rest_route=\/wp\/v2\/posts"}],"about":[{"href":"https:\/\/archive.sana.sy\/es\/index.php?rest_route=\/wp\/v2\/types\/post"}],"author":[{"embeddable":true,"href":"https:\/\/archive.sana.sy\/es\/index.php?rest_route=\/wp\/v2\/users\/24"}],"replies":[{"embeddable":true,"href":"https:\/\/archive.sana.sy\/es\/index.php?rest_route=%2Fwp%2Fv2%2Fcomments&post=12564"}],"version-history":[{"count":0,"href":"https:\/\/archive.sana.sy\/es\/index.php?rest_route=\/wp\/v2\/posts\/12564\/revisions"}],"wp:featuredmedia":[{"embeddable":true,"href":"https:\/\/archive.sana.sy\/es\/index.php?rest_route=\/wp\/v2\/media\/12565"}],"wp:attachment":[{"href":"https:\/\/archive.sana.sy\/es\/index.php?rest_route=%2Fwp%2Fv2%2Fmedia&parent=12564"}],"wp:term":[{"taxonomy":"category","embeddable":true,"href":"https:\/\/archive.sana.sy\/es\/index.php?rest_route=%2Fwp%2Fv2%2Fcategories&post=12564"},{"taxonomy":"post_tag","embeddable":true,"href":"https:\/\/archive.sana.sy\/es\/index.php?rest_route=%2Fwp%2Fv2%2Ftags&post=12564"}],"curies":[{"name":"wp","href":"https:\/\/api.w.org\/{rel}","templated":true}]}}