{"id":125661,"date":"2019-12-31T06:46:53","date_gmt":"2019-12-31T04:46:53","guid":{"rendered":"http:\/\/sana.sy\/es\/?p=125661"},"modified":"2023-01-10T14:34:39","modified_gmt":"2023-01-10T12:34:39","slug":"practicas-criminales-del-ocupante-turco-y-sus-mercenarios-en-provincia-de-hasakeh","status":"publish","type":"post","link":"https:\/\/archive.sana.sy\/es\/?p=125661","title":{"rendered":"Pr\u00e1cticas criminales del ocupante turco y sus mercenarios en provincia de Hasakeh"},"content":{"rendered":"<p style=\"text-align: justify;\"><strong><span style=\"color: #800000;\">Hasakeh, SANA<\/span><\/strong><\/p>\n<p style=\"text-align: justify;\">Las fuerzas de ocupaci\u00f3n turcas y sus mercenarios prosiguen sus agresiones y pr\u00e1cticas criminales contra los civiles en las localidades ocupadas, en la provincia de Hasakeh.<\/p>\n<p style=\"text-align: justify;\">Seg\u00fan fuentes locales, los terroristas pro turcos quemaron varias casas en el pueblo al-Arisha, as\u00ed como impusieron regal\u00edas sobre los autom\u00f3viles que cruzan por las diferentes localidades ocupadas, del municipio de Ras al-Ain.<\/p>\n<p style=\"text-align: justify;\">Por otro lado, las fuerzas de ocupaci\u00f3n turcas siguen asediando a Ras al-Ain e impiden la entrada y salida de autom\u00f3viles, as\u00ed como imponen un toque de queda despu\u00e9s de las 5:00 de la tarde.<\/p>\n<p style=\"text-align: justify;\">Dichas fuerzas trajeron m\u00e1s habitaciones prefabricadas al pueblo de Makhteleh con el objetivo de establecer un campamento o viviendas para las familias de los mercenarias pro turcos.<\/p>\n<p style=\"text-align: justify;\">El corresponsal de SANA, por su parte, inform\u00f3 que el ocupante turco traslad\u00f3 a 150 de sus mercenarios junto a sus familias, desde Turqu\u00eda a la ciudad de Ras Al-Ain, donde se alojaron en casas de las familias desplazadas en el barrio norte\u00f1o de esa Urbe.<\/p>\n<p style=\"text-align: justify;\">Por otro lado, el reportero inform\u00f3 sobre la entrada de aproximadamente 100 camiones de la ocupaci\u00f3n estadounidense desde Irak a la provincia de Hasakeh.<\/p>\n<p style=\"text-align: justify;\">Detall\u00f3 que los camiones estaban cargados de autom\u00f3viles, maquinaria de ingenier\u00eda, equipos y materiales log\u00edsticos para reforzar su presencia ilegal en tierras sirias, violando as\u00ed las convenciones y leyes internacionales.<\/p>\n<p style=\"text-align: justify;\"><span style=\"color: #0000ff;\"><strong>F.M<\/strong><\/span><\/p>\n","protected":false},"excerpt":{"rendered":"<p>Hasakeh, SANA Las fuerzas de ocupaci\u00f3n turcas y sus mercenarios prosiguen sus agresiones y pr\u00e1cticas criminales contra los civiles en las localidades ocupadas, en la provincia de Hasakeh. Seg\u00fan fuentes locales, los terroristas pro turcos quemaron varias casas en el pueblo al-Arisha, as\u00ed como impusieron regal\u00edas sobre los autom\u00f3viles que cruzan por las diferentes localidades &hellip;<\/p>\n","protected":false},"author":34,"featured_media":125199,"comment_status":"closed","ping_status":"closed","sticky":false,"template":"","format":"standard","meta":{"footnotes":""},"categories":[447,597,573,476,7541],"tags":[],"class_list":["post-125661","post","type-post","status-publish","format-standard","has-post-thumbnail","","category-local-politica","category-cinta-de-noticias","category-la-realidad-de-los-acontecimientos-en-siria","category-locales","category-ultimas-noticias"],"_links":{"self":[{"href":"https:\/\/archive.sana.sy\/es\/index.php?rest_route=\/wp\/v2\/posts\/125661"}],"collection":[{"href":"https:\/\/archive.sana.sy\/es\/index.php?rest_route=\/wp\/v2\/posts"}],"about":[{"href":"https:\/\/archive.sana.sy\/es\/index.php?rest_route=\/wp\/v2\/types\/post"}],"author":[{"embeddable":true,"href":"https:\/\/archive.sana.sy\/es\/index.php?rest_route=\/wp\/v2\/users\/34"}],"replies":[{"embeddable":true,"href":"https:\/\/archive.sana.sy\/es\/index.php?rest_route=%2Fwp%2Fv2%2Fcomments&post=125661"}],"version-history":[{"count":0,"href":"https:\/\/archive.sana.sy\/es\/index.php?rest_route=\/wp\/v2\/posts\/125661\/revisions"}],"wp:featuredmedia":[{"embeddable":true,"href":"https:\/\/archive.sana.sy\/es\/index.php?rest_route=\/wp\/v2\/media\/125199"}],"wp:attachment":[{"href":"https:\/\/archive.sana.sy\/es\/index.php?rest_route=%2Fwp%2Fv2%2Fmedia&parent=125661"}],"wp:term":[{"taxonomy":"category","embeddable":true,"href":"https:\/\/archive.sana.sy\/es\/index.php?rest_route=%2Fwp%2Fv2%2Fcategories&post=125661"},{"taxonomy":"post_tag","embeddable":true,"href":"https:\/\/archive.sana.sy\/es\/index.php?rest_route=%2Fwp%2Fv2%2Ftags&post=125661"}],"curies":[{"name":"wp","href":"https:\/\/api.w.org\/{rel}","templated":true}]}}