{"id":125663,"date":"2019-12-31T07:05:40","date_gmt":"2019-12-31T05:05:40","guid":{"rendered":"http:\/\/sana.sy\/es\/?p=125663"},"modified":"2023-01-10T14:34:39","modified_gmt":"2023-01-10T12:34:39","slug":"excelentes-logros-del-ministerio-de-educacion-durante-el-2019","status":"publish","type":"post","link":"https:\/\/archive.sana.sy\/es\/?p=125663","title":{"rendered":"Excelentes logros del Ministerio de Educaci\u00f3n durante el 2019"},"content":{"rendered":"<p style=\"text-align: justify;\"><strong><span style=\"color: #800000;\">Damasco, SANA<\/span><\/strong><\/p>\n<p style=\"text-align: justify;\">Los esfuerzos del Ministerio de Educaci\u00f3n durante el a\u00f1o 2019 se centraron en la tarea de asegurar los accesorios del proceso educativo y en la capacitaci\u00f3n del personal docente para implementar los actualizados planes de estudio, a\u00f1\u00e1dale la apertura de nuevas escuelas reparadas y acoger al mayor n\u00famero de escolares.<\/p>\n<p style=\"text-align: justify;\">Seg\u00fan el informe anual del Ministerio, la cifra de alumnas y alumnos de ense\u00f1anza b\u00e1sica y preuniversitario lleg\u00f3 a m\u00e1s de 3 millones 600 mil que reciben ense\u00f1anza a manos de 260 mil maestras y maestros, repartidos entre m\u00e1s de 14 mil 900 centros docentes.<\/p>\n<p style=\"text-align: justify;\">Precis\u00f3 que dos mil 218 escuelas afectadas por el terrorismo fueron reconstruidas o rehabilitadas en el transcurso del a\u00f1o 2019.<\/p>\n<p style=\"text-align: justify;\">El Establecimiento Estatal de Impresos y Libros Escolares culmin\u00f3 su plan para el a\u00f1o acad\u00e9mico 2019-2020 con la impresi\u00f3n de 60 millones de libros escolares para todas las provincias, agreg\u00f3 el Ministerio.<\/p>\n<p style=\"text-align: justify;\">La nota se\u00f1al\u00f3 que el Ministerio efectu\u00f3 un n\u00famero de cursos de adiestramientos a profesoras y profesores en los nuevos planes de estudio modernizados.<\/p>\n<p style=\"text-align: justify;\"><strong><span style=\"color: #0000ff;\">R.SH\/ F.M<\/span><\/strong><\/p>\n","protected":false},"excerpt":{"rendered":"<p>Damasco, SANA Los esfuerzos del Ministerio de Educaci\u00f3n durante el a\u00f1o 2019 se centraron en la tarea de asegurar los accesorios del proceso educativo y en la capacitaci\u00f3n del personal docente para implementar los actualizados planes de estudio, a\u00f1\u00e1dale la apertura de nuevas escuelas reparadas y acoger al mayor n\u00famero de escolares. Seg\u00fan el informe &hellip;<\/p>\n","protected":false},"author":34,"featured_media":125664,"comment_status":"closed","ping_status":"closed","sticky":false,"template":"","format":"standard","meta":{"footnotes":""},"categories":[447,597,476,7541],"tags":[],"class_list":["post-125663","post","type-post","status-publish","format-standard","has-post-thumbnail","","category-local-politica","category-cinta-de-noticias","category-locales","category-ultimas-noticias"],"_links":{"self":[{"href":"https:\/\/archive.sana.sy\/es\/index.php?rest_route=\/wp\/v2\/posts\/125663"}],"collection":[{"href":"https:\/\/archive.sana.sy\/es\/index.php?rest_route=\/wp\/v2\/posts"}],"about":[{"href":"https:\/\/archive.sana.sy\/es\/index.php?rest_route=\/wp\/v2\/types\/post"}],"author":[{"embeddable":true,"href":"https:\/\/archive.sana.sy\/es\/index.php?rest_route=\/wp\/v2\/users\/34"}],"replies":[{"embeddable":true,"href":"https:\/\/archive.sana.sy\/es\/index.php?rest_route=%2Fwp%2Fv2%2Fcomments&post=125663"}],"version-history":[{"count":0,"href":"https:\/\/archive.sana.sy\/es\/index.php?rest_route=\/wp\/v2\/posts\/125663\/revisions"}],"wp:featuredmedia":[{"embeddable":true,"href":"https:\/\/archive.sana.sy\/es\/index.php?rest_route=\/wp\/v2\/media\/125664"}],"wp:attachment":[{"href":"https:\/\/archive.sana.sy\/es\/index.php?rest_route=%2Fwp%2Fv2%2Fmedia&parent=125663"}],"wp:term":[{"taxonomy":"category","embeddable":true,"href":"https:\/\/archive.sana.sy\/es\/index.php?rest_route=%2Fwp%2Fv2%2Fcategories&post=125663"},{"taxonomy":"post_tag","embeddable":true,"href":"https:\/\/archive.sana.sy\/es\/index.php?rest_route=%2Fwp%2Fv2%2Ftags&post=125663"}],"curies":[{"name":"wp","href":"https:\/\/api.w.org\/{rel}","templated":true}]}}