{"id":125717,"date":"2020-01-01T08:27:23","date_gmt":"2020-01-01T06:27:23","guid":{"rendered":"http:\/\/sana.sy\/es\/?p=125717"},"modified":"2023-01-10T15:34:49","modified_gmt":"2023-01-10T13:34:49","slug":"resumen-informativo-de-siria-en-las-ultimas-24-horas","status":"publish","type":"post","link":"https:\/\/archive.sana.sy\/es\/?p=125717","title":{"rendered":"Resumen Informativo de Siria en las \u00faltimas 24 horas"},"content":{"rendered":"<p style=\"text-align: justify;\"><span style=\"color: #800000;\">Damasco, SANA<\/span><\/p>\n<p style=\"text-align: justify;\">Les ofrecemos a continuaci\u00f3n un resumen de las noticias nacionales e internacionales relativas a Siria y difundidas por nuestra agencia en las \u00faltimas 24 horas:<\/p>\n<p style=\"text-align: justify;\"><strong>Presidente al-Assad: la batalla de Idleb est\u00e1 encaminada a erradicar el terrorismo que amenaza la seguridad de los sirios<\/strong><\/p>\n<p style=\"text-align: justify;\">El presidente Bashar al-Assad, recibi\u00f3 hoy en esta capital, a Ali Asghar Khaji, el principal asistente del ministro de Exteriores de Ir\u00e1n para Asuntos Pol\u00edticos Especiales.<\/p>\n<p style=\"text-align: justify;\">El alto funcionario iran\u00ed explic\u00f3 al presidente los \u00faltimos desarrollos relacionados con la reciente reuni\u00f3n de Astan\u00e1 y las discusiones que tuvieron lugar sobre varios temas, en particular sobre el Comit\u00e9 de Discusi\u00f3n de la Constituci\u00f3n y los desarrollos en la regi\u00f3n siria de Al-Jazeera.<\/p>\n<p style=\"text-align: justify;\">Al respecto, el presidente denunci\u00f3 los intentos de la otra parte y los pa\u00edses que la apoyan para poner obst\u00e1culos ante el trabajo del Comit\u00e9 para desviarlo de su misi\u00f3n y objetivos.<\/p>\n<p style=\"text-align: justify;\">La delegaci\u00f3n iran\u00ed explic\u00f3 tambi\u00e9n los puntos m\u00e1s importantes que se abordaron en la reciente reuni\u00f3n de Ginebra entre Ir\u00e1n, Rusia y Turqu\u00eda.<\/p>\n<p style=\"text-align: justify;\">Los integrantes de la delegaci\u00f3n elogiaron el avance del Ej\u00e9rcito \u00c1rabe sirio en la regi\u00f3n de Al-Jazeera y felicitaron al presidente al-Assad y al pueblo sirio por las victorias logradas durante la actual operaci\u00f3n militar en Idleb.<\/p>\n<p style=\"text-align: justify;\">En este sentido, el presidente dej\u00f3 claro que la batalla de Idleb estaba destinada a erradicar el terrorismo que amenaza la seguridad de los ciudadanos sirios en esa regi\u00f3n, y reafirm\u00f3 que las operaciones antiterroristas continuar\u00e1n y constituyen una prioridad para el Estado sirio.<\/p>\n<p style=\"text-align: justify;\">Las conversaciones abordaron las relaciones bilaterales, y al respecto Khaji ratific\u00f3 el constante apoyo de Ir\u00e1n a todo lo que pueda beneficiar los intereses del pueblo sirio y preservar la soberan\u00eda, independencia e integridad territorial de Siria.<\/p>\n<p style=\"text-align: justify;\"><strong>Siria e Ir\u00e1n rechazan cualquier presencia militar ilegal en territorio sirio y exigen retirada de fuerzas ocupantes<\/strong><\/p>\n<p style=\"text-align: justify;\">Ali Asghar Khaji, el principal asistente del ministro de Exteriores de Ir\u00e1n para Asuntos Pol\u00edticos Especiales, dijo que el despliegue del Ej\u00e9rcito \u00c1rabe Sirio en las \u00e1reas fronterizas con Turqu\u00eda restablecer\u00e1 la seguridad y la normalidad en todas partes de Siria, as\u00ed como consagrar\u00e1 la soberan\u00eda del Estado sirio sobre su territorio.<\/p>\n<p style=\"text-align: justify;\">En una declaraci\u00f3n a los periodistas despu\u00e9s de su reuni\u00f3n con el Ministro de Exteriores y Emigrantes, Walid Al-Moallem, Khaji elogi\u00f3 las victorias conseguidas por el ej\u00e9rcito sirio en sus batallas contra las organizaciones terroristas en Idleb.<\/p>\n<p style=\"text-align: justify;\">Explic\u00f3 que su visita a Siria se produce en el marco de las regulares reuniones pol\u00edticas con los funcionarios sirios para discutir los \u00faltimos desarrollos pol\u00edticos relacionados con el tema sirio, adem\u00e1s de los asuntos regionales e internacionales.<\/p>\n<p style=\"text-align: justify;\">El alto funcionario iran\u00ed destac\u00f3 que sus conversaciones en Damasco trataron los \u00faltimos desarrollos relacionados con los asuntos pol\u00edticos y militares en Siria, as\u00ed como la situaci\u00f3n en Libia.<\/p>\n<p style=\"text-align: justify;\">En respuesta a una pregunta sobre la posici\u00f3n iran\u00ed respecto a los recientes ataques estadounidenses contra los territorios sirios e iraqu\u00edes, el alto funcionario iran\u00ed dej\u00f3 en claro que las posiciones de Ir\u00e1n y Siria son convergentes en este sentido.<\/p>\n<p style=\"text-align: justify;\">\u201cLos dos pa\u00edses condenan y rechazan categ\u00f3ricamente estas flagrantes agresiones militares estadounidenses e israel\u00edes contra tierras iraqu\u00edes y sirias\u201d, confirm\u00f3.<\/p>\n<p style=\"text-align: justify;\">En el mismo contexto, subray\u00f3 que Ir\u00e1n y Siria rechazan totalmente cualquier presencia de fuerzas estadounidenses en territorio sirio.<\/p>\n<p style=\"text-align: justify;\">A su vez, el viceministro de Exteriores y Expatriados, Faisal Mekdad, enfatiz\u00f3 que Siria e Ir\u00e1n est\u00e1n en una guerra contra el terrorismo, y llam\u00f3 a la comunidad internacional a estar con ellos.<\/p>\n<p style=\"text-align: justify;\">Inst\u00f3 a los pa\u00edses involucrados en el apoyo al terrorismo, incluido Estados Unidos, a que detengan este apoyo, especialmente despu\u00e9s de la sangrienta y rechazada agresi\u00f3n estadounidense contra la Fuerza Popular en Irak, considerada como entidad del estado iraqu\u00ed en la lucha contra el terrorismo.<\/p>\n<p style=\"text-align: justify;\">\u201cLa Fuerza Popular deber\u00eda ser apoyada en lugar de ser bombardeada, pero as\u00ed son las pol\u00edticas estadounidenses\u201d, detall\u00f3.<\/p>\n<p style=\"text-align: justify;\">En cuanto a la posici\u00f3n siria sobre la invasi\u00f3n turca a los territorios sirios, el vicecanciller explic\u00f3 que Siria conoce bien las intenciones del r\u00e9gimen turco, pero tratar\u00e1 cualquier presencia turca en las tierras sirias como una ocupaci\u00f3n.<\/p>\n<p style=\"text-align: justify;\"><strong>Cuba y Siria.. S\u00f3lidas relaciones de amistad y posturas basadas en el respeto a la soberan\u00eda de los estados<\/strong><\/p>\n<p style=\"text-align: justify;\">Una larga historia de firmeza, apoyo y respeto mutuo une a Siria y Cuba. La amistad entre los dos pa\u00edses se caracteriz\u00f3 durante d\u00e9cadas por la coordinaci\u00f3n en varios campos de acuerdo a visiones claras y comunes sobre asuntos internacionales y de inter\u00e9s com\u00fan.<\/p>\n<p style=\"text-align: justify;\">El sexag\u00e9simo primer aniversario del triunfo de la Revoluci\u00f3n Cubana se conmemora este primero de enero, en un momento en que los dos pa\u00edses mantienen una postura basada en el respeto a la soberan\u00eda de los estados, la no injerencia en sus asuntos internos y la lucha contra el terrorismo internacional.<\/p>\n<p style=\"text-align: justify;\">La solidez de las relaciones entre los dos pa\u00edses se materializ\u00f3 en la posici\u00f3n de Cuba respecto a la guerra terrorista que est\u00e1 enfrentando Siria y su apoyo al pueblo sirio en los foros internacionales, mientras la Embajada en Cuba en Damasco mantuvo sus puertas abiertas hasta en los omentos m\u00e1s cr\u00edticos de la guerra.<\/p>\n<p style=\"text-align: justify;\">Siria ha mantenido su apoyo inquebrantable a la lucha del pueblo cubano contra el imperialismo y contra el injusto bloqueo econ\u00f3mico que lleva ya casi seis d\u00e9cadas.<\/p>\n<p style=\"text-align: justify;\">En virtud de los acuerdos bilaterales firmados, Cuba ha estado suministrando a Siria 15 tipos de medicamentos contra el c\u00e1ncer y vacunas para los ni\u00f1os, incluida la vacuna quitavalentes.<\/p>\n<p style=\"text-align: justify;\">Cuba sigue ofreciendo becas gratuitas para estudiantes sirios para la primera carrera de medicina y estudios de pos grados; y para el curso acad\u00e9mico 2019-2020 otorg\u00f3 10 becas para estudios de posgrado en medicina.<\/p>\n<p style=\"text-align: justify;\">Los dos pa\u00edses contin\u00faan sus esfuerzos para mejorar las relaciones bilaterales en varios campos y elevarlas al nivel de las relaciones pol\u00edticas. En este sentido, hubo amplio intercambio de visitas de delegaciones oficiales durante el 2019, lo que contribuy\u00f3 a la firma de un acuerdo para la cooperaci\u00f3n en el campo de la cultura y las artes, y preservar y restaurar los bienes culturales, y organizar jornadas culturales en ambos pa\u00edses, adem\u00e1s de organizar exposiciones de artes pl\u00e1sticas.<\/p>\n<p style=\"text-align: justify;\">En el sector econ\u00f3mico, Cuba particip\u00f3 en las actividades de la 61\u00aa edici\u00f3n de la Feria Internacional de Damasco mientras Siria particip\u00f3 en la trig\u00e9simo s\u00e9ptima edici\u00f3n de la Feria Internacional de La Habana, lo cual refleja el deseo de los dos pa\u00edses de continuar su cooperaci\u00f3n pese al injusto bloqueo impuesto por Estados Unidos y otros pa\u00edses debido a las posiciones de principio de Siria y Cuba en rechazo a las pol\u00edticas hegem\u00f3nicas.<\/p>\n<p style=\"text-align: justify;\">Cuba enfrenta un bloqueo impuesto por Estados Unidos desde hace casi seis d\u00e9cadas, el cual causa p\u00e9rdidas diarias al pueblo cubano por un valor estimado de 12 millones de USD.<\/p>\n<p style=\"text-align: justify;\">Vale la pena destacar que Cuba sigue resistiendo al bloqueo, y pese al mismo, dispone actualmente de m\u00e1s de 50 universidades, mientras alrededor de 20 mil m\u00e9dicos cubanos brindan servicios de salud gratuitos en 83 pa\u00edses.<\/p>\n<p style=\"text-align: justify;\"><strong>Ej\u00e9rcito incauta armas, drones y misiles TOW dejados por terroristas en el sudeste de Idleb<\/strong><\/p>\n<p style=\"text-align: justify;\">Durante sus operaciones de peinado en las zonas liberadas recientemente en el sudeste de la provincia de Idleb, los militares hallaron armas, misiles y pertrechos b\u00e9licos de origen turco y occidental que los terroristas dejaron atr\u00e1s antes de huir del avance del ej\u00e9rcito.<\/p>\n<p style=\"text-align: justify;\">\u201cHemos incautado ca\u00f1ones, misiles &#8220;TOW&#8221; guiados de fabricaci\u00f3n estadounidense junto a su base de lanzamiento, varios fusiles autom\u00e1ticos y de precisi\u00f3n, as\u00ed como proyectiles de mortero y municiones para ametralladoras\u201d, declar\u00f3 un comandante de operaciones a SANA.<\/p>\n<p style=\"text-align: justify;\">Agreg\u00f3 que fueron incautados cuatro drones y uno cargado con explosivos y un veh\u00edculo de transmisi\u00f3n de se\u00f1ales de una organizaci\u00f3n danesa.<\/p>\n<p style=\"text-align: justify;\">Los militares hallaron, seg\u00fan el comandante, un hospital de campa\u00f1a que conten\u00eda materiales m\u00e9dicos, de emergencia y quir\u00fargicos de origen turco.<\/p>\n<p style=\"text-align: justify;\"><strong>Una v\u00edctima mortal y varios heridos en bombardeos terroristas con cohetes en el norte Hama<\/strong><\/p>\n<p style=\"text-align: justify;\">Una fuente militar anunci\u00f3 hoy martes que a las 05.15 pm, grupos terroristas afincados en las localidades de Midan Ghazal y Maar Mahtat, dispararon cohetes contra las aldeas reci\u00e9n liberadas del terrorismo en el norte de Hama.<\/p>\n<p style=\"text-align: justify;\">La fuente agreg\u00f3 que el bombardeo caus\u00f3 la muerte de un oficial y lesiones a otros soldados, adem\u00e1s de causar da\u00f1os materiales en las propiedades de los civiles en las localidades de Jourin, Ayn Salmou, Asilah y al-Mahrousa.<\/p>\n<p style=\"text-align: justify;\">Las unidades del ej\u00e9rcito respondieron de inmediato a los bombardeos terroristas y atacaron los centros de mando de los terroristas, agreg\u00f3 la fuente.<\/p>\n<p style=\"text-align: justify;\">Indic\u00f3 que varios terroristas fueron abatidos y otros resultaron heridos en la respuesta del ej\u00e9rcito, y adem\u00e1s fueron destruidas tres plataformas de lanzacohetes.<\/p>\n<p style=\"text-align: justify;\"><strong>Mercenarios al servicio del ocupante turca bombardean la aldea de Um al-Khiar en provincia de Hasakeh<\/strong><\/p>\n<p style=\"text-align: justify;\">Las organizaciones terroristas que operan al servicio de las fuerzas de ocupaci\u00f3n turcas, atacaron con armas pesadas la aldea de Um al-Khair, al oeste de la ciudad de Tal Tamer, en el norte de la provincia de Hasakeh.<\/p>\n<p style=\"text-align: justify;\">De acuerdo a reportes del corresponsal de SANA, los mercenarios pro turcos abrieron el fuego con sus armas pesadas contra Um al-Khair, lo que provoc\u00f3 grandes da\u00f1os materiales en las viviendas de los civiles.<\/p>\n<p style=\"text-align: justify;\">En la v\u00edspera, los grupos terroristas quemaron varias casas en la localidad de Al-Arisha, mientras las fuerzas del r\u00e9gimen turco contin\u00faan ingresando a m\u00e1s familias de terroristas y los alojan en las casas de los residentes originales que fueron desplazados en la ciudad de Ras Al-Ain.<\/p>\n<p style=\"text-align: justify;\">Por otra parte, fuentes civiles informaron que los cabecillas del grupo terrorista \u201cEj\u00e9rcito Nacional\u201d hab\u00edan terminado de preparar a mil 500 efectivos terroristas que los hab\u00edan seleccionado para enviarlos a la ciudad de Idleb, a fin de compensar la escasez en las filas de grupos terroristas derrotados ante el avance de las unidades del Ej\u00e9rcito \u00c1rabe Sirio.<\/p>\n<p style=\"text-align: justify;\"><span style=\"color: #0000ff;\"><strong>F.M\/ E.D<\/strong><\/span><\/p>\n","protected":false},"excerpt":{"rendered":"<p>Damasco, SANA Les ofrecemos a continuaci\u00f3n un resumen de las noticias nacionales e internacionales relativas a Siria y difundidas por nuestra agencia en las \u00faltimas 24 horas: Presidente al-Assad: la batalla de Idleb est\u00e1 encaminada a erradicar el terrorismo que amenaza la seguridad de los sirios El presidente Bashar al-Assad, recibi\u00f3 hoy en esta capital, &hellip;<\/p>\n","protected":false},"author":32,"featured_media":125718,"comment_status":"closed","ping_status":"closed","sticky":false,"template":"","format":"standard","meta":{"footnotes":""},"categories":[447,555,597,7541],"tags":[17271],"class_list":["post-125717","post","type-post","status-publish","format-standard","has-post-thumbnail","","category-local-politica","category-prensa","category-cinta-de-noticias","category-ultimas-noticias","tag-resumen-informativo-de-siria-en-las-ultimas-24-horas"],"_links":{"self":[{"href":"https:\/\/archive.sana.sy\/es\/index.php?rest_route=\/wp\/v2\/posts\/125717"}],"collection":[{"href":"https:\/\/archive.sana.sy\/es\/index.php?rest_route=\/wp\/v2\/posts"}],"about":[{"href":"https:\/\/archive.sana.sy\/es\/index.php?rest_route=\/wp\/v2\/types\/post"}],"author":[{"embeddable":true,"href":"https:\/\/archive.sana.sy\/es\/index.php?rest_route=\/wp\/v2\/users\/32"}],"replies":[{"embeddable":true,"href":"https:\/\/archive.sana.sy\/es\/index.php?rest_route=%2Fwp%2Fv2%2Fcomments&post=125717"}],"version-history":[{"count":0,"href":"https:\/\/archive.sana.sy\/es\/index.php?rest_route=\/wp\/v2\/posts\/125717\/revisions"}],"wp:featuredmedia":[{"embeddable":true,"href":"https:\/\/archive.sana.sy\/es\/index.php?rest_route=\/wp\/v2\/media\/125718"}],"wp:attachment":[{"href":"https:\/\/archive.sana.sy\/es\/index.php?rest_route=%2Fwp%2Fv2%2Fmedia&parent=125717"}],"wp:term":[{"taxonomy":"category","embeddable":true,"href":"https:\/\/archive.sana.sy\/es\/index.php?rest_route=%2Fwp%2Fv2%2Fcategories&post=125717"},{"taxonomy":"post_tag","embeddable":true,"href":"https:\/\/archive.sana.sy\/es\/index.php?rest_route=%2Fwp%2Fv2%2Ftags&post=125717"}],"curies":[{"name":"wp","href":"https:\/\/api.w.org\/{rel}","templated":true}]}}