{"id":125764,"date":"2020-01-01T18:22:26","date_gmt":"2020-01-01T16:22:26","guid":{"rendered":"http:\/\/sana.sy\/es\/?p=125764"},"modified":"2023-01-12T14:44:57","modified_gmt":"2023-01-12T12:44:57","slug":"cancilleria-irani-convoca-al-embajador-suizo-para-denunciar-las-declaraciones-hostiles-estadounidenses","status":"publish","type":"post","link":"https:\/\/archive.sana.sy\/es\/?p=125764","title":{"rendered":"Canciller\u00eda iran\u00ed convoca al embajador suizo para denunciar las declaraciones hostiles estadounidenses"},"content":{"rendered":"<p><span style=\"color: #800000;\">Teher\u00e1n, SANA<\/span><\/p>\n<p style=\"text-align: justify;\">La Rep\u00fablica Isl\u00e1mica de Ir\u00e1n transmiti\u00f3 al embajador de \u00a0Suiza en Teher\u00e1n, como representante de los intereses de EE.UU., su insatisfacci\u00f3n por el intento de Trump de involucrar a Ir\u00e1n en los disturbios en Irak.<\/p>\n<p style=\"text-align: justify;\">El Ministerio de Relaciones Exteriores iran\u00ed convoc\u00f3 al embajador suizo en Teher\u00e1n, para informarle de la fuerte denuncia de Teher\u00e1n contra las agresivas declaraciones estadounidenses que violan la Carta de las Naciones Unidas.<\/p>\n<p style=\"text-align: justify;\">El director del Departamento de Asuntos Exteriores de Ir\u00e1n para Am\u00e9rica, Mohsen Baharvand, ha hecho saber al diplom\u00e1tico suizo que \u201clas declaraciones belicistas\u201d de la Casa Blanca violan la Carta de la Organizaci\u00f3n de las Naciones Unidas (ONU) y han provocado \u201cla protesta m\u00e1s rotunda\u201d de Teher\u00e1n.<\/p>\n<p style=\"text-align: justify;\">Al respecto, el alto funcionario iran\u00ed ha enfatizado la importancia de recordar a Washington que\u00a0Irak\u00a0\u201ces un pa\u00eds independiente y los iraqu\u00edes son una naci\u00f3n libre, soberana y con dignidad\u201d.<\/p>\n<p style=\"text-align: justify;\">Adem\u00e1s, Baharvad ha criticado que los estadounidenses \u201csin haber presentado la m\u00ednima prueba\u201d de la implicaci\u00f3n de las Unidades de Movilizaci\u00f3n Popular de Irak en un ataque lanzado el viernes contra una de sus bases en la ciudad de Kirkuk (norte), bombardearon varias bases de la Resistencia iraqu\u00ed en la provincia de Al-Anbar (oeste), por lo que \u201ces natural\u201d que los iraqu\u00edes reaccionen ante los que \u201chan ocupado su pa\u00eds y matan a sus j\u00f3venes\u201d.<\/p>\n<p>&nbsp;<\/p>\n<p>M.M<\/p>\n","protected":false},"excerpt":{"rendered":"<p>Teher\u00e1n, SANA La Rep\u00fablica Isl\u00e1mica de Ir\u00e1n transmiti\u00f3 al embajador de \u00a0Suiza en Teher\u00e1n, como representante de los intereses de EE.UU., su insatisfacci\u00f3n por el intento de Trump de involucrar a Ir\u00e1n en los disturbios en Irak. El Ministerio de Relaciones Exteriores iran\u00ed convoc\u00f3 al embajador suizo en Teher\u00e1n, para informarle de la fuerte denuncia &hellip;<\/p>\n","protected":false},"author":36,"featured_media":11645,"comment_status":"closed","ping_status":"closed","sticky":false,"template":"","format":"standard","meta":{"footnotes":""},"categories":[597,456,457],"tags":[17274],"class_list":["post-125764","post","type-post","status-publish","format-standard","has-post-thumbnail","","category-cinta-de-noticias","category-arabe-internacional-politica","category-noticias-arabe-internacional-politica","tag-cancilleria-irani-convoca-al-embajador-suizo-para-denunciar-las-declaraciones-hostiles-estadounidenses"],"_links":{"self":[{"href":"https:\/\/archive.sana.sy\/es\/index.php?rest_route=\/wp\/v2\/posts\/125764"}],"collection":[{"href":"https:\/\/archive.sana.sy\/es\/index.php?rest_route=\/wp\/v2\/posts"}],"about":[{"href":"https:\/\/archive.sana.sy\/es\/index.php?rest_route=\/wp\/v2\/types\/post"}],"author":[{"embeddable":true,"href":"https:\/\/archive.sana.sy\/es\/index.php?rest_route=\/wp\/v2\/users\/36"}],"replies":[{"embeddable":true,"href":"https:\/\/archive.sana.sy\/es\/index.php?rest_route=%2Fwp%2Fv2%2Fcomments&post=125764"}],"version-history":[{"count":0,"href":"https:\/\/archive.sana.sy\/es\/index.php?rest_route=\/wp\/v2\/posts\/125764\/revisions"}],"wp:featuredmedia":[{"embeddable":true,"href":"https:\/\/archive.sana.sy\/es\/index.php?rest_route=\/wp\/v2\/media\/11645"}],"wp:attachment":[{"href":"https:\/\/archive.sana.sy\/es\/index.php?rest_route=%2Fwp%2Fv2%2Fmedia&parent=125764"}],"wp:term":[{"taxonomy":"category","embeddable":true,"href":"https:\/\/archive.sana.sy\/es\/index.php?rest_route=%2Fwp%2Fv2%2Fcategories&post=125764"},{"taxonomy":"post_tag","embeddable":true,"href":"https:\/\/archive.sana.sy\/es\/index.php?rest_route=%2Fwp%2Fv2%2Ftags&post=125764"}],"curies":[{"name":"wp","href":"https:\/\/api.w.org\/{rel}","templated":true}]}}