{"id":125766,"date":"2020-01-01T18:44:15","date_gmt":"2020-01-01T16:44:15","guid":{"rendered":"http:\/\/sana.sy\/es\/?p=125766"},"modified":"2020-01-01T19:26:58","modified_gmt":"2020-01-01T17:26:58","slug":"ejercito-sirio-descubre-red-de-tuneles-de-terroristas-en-el-campo-del-sudeste-de-idleb","status":"publish","type":"post","link":"https:\/\/archive.sana.sy\/es\/?p=125766","title":{"rendered":"Ej\u00e9rcito se apodera de una red de decenas de kil\u00f3metros de t\u00faneles en el sudeste de Idleb"},"content":{"rendered":"<p><span style=\"color: #800000;\">ldleb, SANA<\/span><\/p>\n<p><span lang=\"ES-TRAD\">Durante las operaciones de peinado de las localidades reci\u00e9n liberadas del terrorismo en el sur de la provincia de Idleb, unidades del Ej\u00e9rcito \u00c1rabe Sirio hallaron una red de t\u00faneles y trincheras de decenas de kil\u00f3metros de largo, y unen a un n\u00famero de poblados que estaban bajo dominio de las organizaciones terroristas.<\/span><\/p>\n<p><span lang=\"ES-TRAD\">Seg\u00fan inform\u00f3 una fuente militar, la red de t\u00faneles y trincheras fue detectada en las aldeas de al-Raffeh, Tal al-Shieh y Um Jalal y fue utilizada por los radicales para trasladarse y evitar los ataques del Ej\u00e9rcito \u00c1rabe Sirio.<\/span><\/p>\n<p><span lang=\"ES-TRAD\">Los militares hallaron dentro de esas trincheras a cuerpos de terroristas abatidos por el ej\u00e9rcito.<\/span><\/p>\n<div id='gallery-1' class='gallery galleryid-125766 gallery-columns-1 gallery-size-full'><figure class='gallery-item'>\n\t\t\t<div class='gallery-icon landscape'>\n\t\t\t\t<a href='https:\/\/archive.sana.sy\/es\/?attachment_id=125777'><img loading=\"lazy\" decoding=\"async\" width=\"660\" height=\"423\" src=\"https:\/\/archive.sana.sy\/es\/wp-content\/uploads\/2020\/01\/1-3.jpg\" class=\"attachment-full size-full\" alt=\"\" srcset=\"https:\/\/archive.sana.sy\/es\/wp-content\/uploads\/2020\/01\/1-3.jpg 660w, https:\/\/archive.sana.sy\/es\/wp-content\/uploads\/2020\/01\/1-3-300x192.jpg 300w, https:\/\/archive.sana.sy\/es\/wp-content\/uploads\/2020\/01\/1-3-150x96.jpg 150w\" sizes=\"(max-width: 660px) 100vw, 660px\" \/><\/a>\n\t\t\t<\/div><\/figure><figure class='gallery-item'>\n\t\t\t<div class='gallery-icon landscape'>\n\t\t\t\t<a href='https:\/\/archive.sana.sy\/es\/?attachment_id=125779'><img loading=\"lazy\" decoding=\"async\" width=\"660\" height=\"421\" src=\"https:\/\/archive.sana.sy\/es\/wp-content\/uploads\/2020\/01\/2-3.jpg\" class=\"attachment-full size-full\" alt=\"\" srcset=\"https:\/\/archive.sana.sy\/es\/wp-content\/uploads\/2020\/01\/2-3.jpg 660w, https:\/\/archive.sana.sy\/es\/wp-content\/uploads\/2020\/01\/2-3-300x191.jpg 300w, https:\/\/archive.sana.sy\/es\/wp-content\/uploads\/2020\/01\/2-3-150x96.jpg 150w\" sizes=\"(max-width: 660px) 100vw, 660px\" \/><\/a>\n\t\t\t<\/div><\/figure><figure class='gallery-item'>\n\t\t\t<div class='gallery-icon landscape'>\n\t\t\t\t<a href='https:\/\/archive.sana.sy\/es\/?attachment_id=125780'><img loading=\"lazy\" decoding=\"async\" width=\"660\" height=\"441\" src=\"https:\/\/archive.sana.sy\/es\/wp-content\/uploads\/2020\/01\/3-3.jpg\" class=\"attachment-full size-full\" alt=\"\" srcset=\"https:\/\/archive.sana.sy\/es\/wp-content\/uploads\/2020\/01\/3-3.jpg 660w, https:\/\/archive.sana.sy\/es\/wp-content\/uploads\/2020\/01\/3-3-300x200.jpg 300w, https:\/\/archive.sana.sy\/es\/wp-content\/uploads\/2020\/01\/3-3-150x100.jpg 150w, https:\/\/archive.sana.sy\/es\/wp-content\/uploads\/2020\/01\/3-3-110x75.jpg 110w\" sizes=\"(max-width: 660px) 100vw, 660px\" \/><\/a>\n\t\t\t<\/div><\/figure>\n\t\t<\/div>\n\n<p>M.M\/ F.M<\/p>\n","protected":false},"excerpt":{"rendered":"<p>ldleb, SANA Durante las operaciones de peinado de las localidades reci\u00e9n liberadas del terrorismo en el sur de la provincia de Idleb, unidades del Ej\u00e9rcito \u00c1rabe Sirio hallaron una red de t\u00faneles y trincheras de decenas de kil\u00f3metros de largo, y unen a un n\u00famero de poblados que estaban bajo dominio de las organizaciones terroristas. &hellip;<\/p>\n","protected":false},"author":36,"featured_media":125767,"comment_status":"closed","ping_status":"closed","sticky":false,"template":"","format":"standard","meta":{"footnotes":""},"categories":[597,573,7541],"tags":[17275],"class_list":["post-125766","post","type-post","status-publish","format-standard","has-post-thumbnail","","category-cinta-de-noticias","category-la-realidad-de-los-acontecimientos-en-siria","category-ultimas-noticias","tag-ejercito-sirio-descubre-red-de-tuneles-de-terroristas-en-el-campo-del-sudeste-de-idleb"],"_links":{"self":[{"href":"https:\/\/archive.sana.sy\/es\/index.php?rest_route=\/wp\/v2\/posts\/125766"}],"collection":[{"href":"https:\/\/archive.sana.sy\/es\/index.php?rest_route=\/wp\/v2\/posts"}],"about":[{"href":"https:\/\/archive.sana.sy\/es\/index.php?rest_route=\/wp\/v2\/types\/post"}],"author":[{"embeddable":true,"href":"https:\/\/archive.sana.sy\/es\/index.php?rest_route=\/wp\/v2\/users\/36"}],"replies":[{"embeddable":true,"href":"https:\/\/archive.sana.sy\/es\/index.php?rest_route=%2Fwp%2Fv2%2Fcomments&post=125766"}],"version-history":[{"count":0,"href":"https:\/\/archive.sana.sy\/es\/index.php?rest_route=\/wp\/v2\/posts\/125766\/revisions"}],"wp:featuredmedia":[{"embeddable":true,"href":"https:\/\/archive.sana.sy\/es\/index.php?rest_route=\/wp\/v2\/media\/125767"}],"wp:attachment":[{"href":"https:\/\/archive.sana.sy\/es\/index.php?rest_route=%2Fwp%2Fv2%2Fmedia&parent=125766"}],"wp:term":[{"taxonomy":"category","embeddable":true,"href":"https:\/\/archive.sana.sy\/es\/index.php?rest_route=%2Fwp%2Fv2%2Fcategories&post=125766"},{"taxonomy":"post_tag","embeddable":true,"href":"https:\/\/archive.sana.sy\/es\/index.php?rest_route=%2Fwp%2Fv2%2Ftags&post=125766"}],"curies":[{"name":"wp","href":"https:\/\/api.w.org\/{rel}","templated":true}]}}