{"id":125866,"date":"2020-01-03T07:53:27","date_gmt":"2020-01-03T05:53:27","guid":{"rendered":"http:\/\/www.sana.sy\/es\/?p=125866"},"modified":"2020-01-03T19:48:32","modified_gmt":"2020-01-03T17:48:32","slug":"el-comandante-de-la-fuerza-al-quds-y-el-subjefe-de-la-fuerza-popular-de-irak-caen-martires-en-una-agresion-estadounidense","status":"publish","type":"post","link":"https:\/\/archive.sana.sy\/es\/?p=125866","title":{"rendered":"El comandante de la Fuerza al-Quds y el subjefe de la Fuerza Popular de Irak caen m\u00e1rtires en una agresi\u00f3n estadounidense"},"content":{"rendered":"<p style=\"text-align: justify;\">La televisi\u00f3n estatal iraqu\u00ed difundi\u00f3 hoy, la noticia del martirio del subjefe del Cuerpo de Fuerza Popular de Irak, Abu Mahdi al-Muhandes, y del general iran\u00ed, Qassem Soleimani, en una agresi\u00f3n a\u00e9rea estadounidense contra su coche en la carretera del aeropuerto de Bagdad.<\/p>\n<p style=\"text-align: justify;\">\u201cAviones estadounidenses atacaron con misiles a dos veh\u00edculos que trasladaban a funcionarios de la Fuerza Popular y sus invitados en la carretera del aeropuerto de Bagdad\u201d, dijo el portavoz de la Fuerza Popular, Ahmad al-Asadi.<\/p>\n<p style=\"text-align: justify;\">Agreg\u00f3 que la agresi\u00f3n caus\u00f3 el martirio del subjefe de la Fuerza Popular, Abu Mahdi al-Muhandes, y el general iran\u00ed Qassem Soleimani, comandante de la Fuerza Al-Quds.<\/p>\n<p style=\"text-align: justify;\">Funcionarios estadounidenses reconocieron en declaraciones difundidas por Reuters, que las fuerzas estadounidenses lanzaron una agresi\u00f3n en las cercan\u00edas del aeropuerto de Bagdad.<\/p>\n<p style=\"text-align: justify;\"><span style=\"color: #0000ff;\">La Guardia Revolucionaria iran\u00ed confirma el martirio del general Qassem Soleimani<\/span><\/p>\n<p style=\"text-align: justify;\">El Cuerpo de la Guardia Revolucionaria iran\u00ed confirm\u00f3 el martirio del Comandante de la Fuerza al-Quds el general Qassem Soleimani, en una agresi\u00f3n estadounidense en Irak.<\/p>\n<p style=\"text-align: justify;\">&#8220;El general Qassem Soleimani fue martirizado en un ataque de helic\u00f3pteros estadounidenses en la madrugada de hoy viernes, despu\u00e9s de una larga vida de lucha\u201d, indic\u00f3 un comunicado de la Guardia Revolucionaria citado por la agencia oficial de noticias iran\u00ed &#8220;IRNA&#8221;.<\/p>\n<p style=\"text-align: justify;\"><span style=\"color: #0000ff;\">Saleh condena la agresi\u00f3n estadounidense y advierte de sus repercusiones<\/span><\/p>\n<p style=\"text-align: justify;\">El presidente iraqu\u00ed, Barham Saleh, conden\u00f3 la agresi\u00f3n criminal estadounidense que caus\u00f3 el\u00a0 martirio del Comandante de la Fuerza al-Quds el general Qassem Soleimani, y\u00a0 el subjefe del Cuerpo de las\u00a0 fuerzas de la Movilizaci\u00f3n\u00a0 Popular de Irak.<\/p>\n<p style=\"text-align: justify;\">Saleh subray\u00f3 que los dos m\u00e1rtires desempe\u00f1aron un papel importante en la lucha contra el terrorismo.<\/p>\n<p style=\"text-align: justify;\">En el mismo contexto, el comando de operaciones conjuntas de las fuerzas iraqu\u00edes confirm\u00f3 este viernes que la agresi\u00f3n cobarde estadounidense representa una &#8220;violaci\u00f3n flagrante de la soberan\u00eda iraqu\u00ed&#8221;.<\/p>\n<p><span style=\"color: #0000ff;\">Putin: Asesinato de Soleimani amenaza con escalar la situaci\u00f3n en la regi\u00f3n<\/span><\/p>\n<p style=\"text-align: justify;\">El presidente ruso, Vladimer Putin, afirm\u00f3 que el asesinato del general iran\u00ed, Qassem Soleimani, comandante de la Fuerza Al-Quds, amenaza con agravar la situaci\u00f3n en la regi\u00f3n.<\/p>\n<p style=\"text-align: justify;\">Putin y su hom\u00f3logo franc\u00e9s, Emmanuel Macron, expresaron en una conversaci\u00f3n telef\u00f3nica su preocupaci\u00f3n por el asesinato del comandante Soleimani en una agresi\u00f3n a\u00e9rea estadounidense efectuada cerca del aeropuerto de Bagdad, inform\u00f3 Sputnik citando a un comunicado emitido por el Kremlin.<\/p>\n<p style=\"text-align: justify;\">Los dos mandatarios se\u00f1alaron que este ataque podr\u00eda agravar la situaci\u00f3n en la regi\u00f3n.<\/p>\n<p><span style=\"color: #0000ff;\">China advierte de las consecuencias de la agresi\u00f3n estadounidense<\/span><\/p>\n<p style=\"text-align: justify;\">China advirti\u00f3 de las consecuencias de la agresi\u00f3n estadounidense que caus\u00f3 el martirio del teniente general Qassem Soleimani, comandante de la Fuerza al-Quds en el Cuerpo de la Guardianes de la Revoluci\u00f3n de Ir\u00e1n, y el subjefe de las Fuerzas de la Movilizaci\u00f3n Popular iraqu\u00ed, Abu Mahdi al-Muhandes.<\/p>\n<p style=\"text-align: justify;\">Beijing reiter\u00f3 su posici\u00f3n contraria al uso de la fuerza armada en las relaciones internacionales.<\/p>\n<p style=\"text-align: justify;\">&#8220;Hay que respetar la soberan\u00eda, la independencia y la integridad territorial de Irak, y hay que proteger la paz y la estabilidad en la regi\u00f3n del Golfo&#8221;, inform\u00f3 Geng Shuang, portavoz del Ministerio de Relaciones Exteriores de China.<\/p>\n<p style=\"text-align: justify;\">&#8220;Instamos a las partes involucradas, en particular Estados Unidos, que act\u00faen con moderaci\u00f3n para evitar la provocaci\u00f3n de m\u00e1s tensiones en el Golfo\u201d, precis\u00f3.<\/p>\n<p style=\"text-align: justify;\"><span style=\"color: #000000;\"><strong>F.M\/ M.M\/ R.R<\/strong><\/span><\/p>\n<p style=\"text-align: justify;\"><span style=\"color: #000000;\"><strong>\u00a0<\/strong><\/span><\/p>\n","protected":false},"excerpt":{"rendered":"<p>La televisi\u00f3n estatal iraqu\u00ed difundi\u00f3 hoy, la noticia del martirio del subjefe del Cuerpo de Fuerza Popular de Irak, Abu Mahdi al-Muhandes, y del general iran\u00ed, Qassem Soleimani, en una agresi\u00f3n a\u00e9rea estadounidense contra su coche en la carretera del aeropuerto de Bagdad. \u201cAviones estadounidenses atacaron con misiles a dos veh\u00edculos que trasladaban a funcionarios &hellip;<\/p>\n","protected":false},"author":33,"featured_media":125868,"comment_status":"closed","ping_status":"closed","sticky":false,"template":"","format":"standard","meta":{"footnotes":""},"categories":[7541],"tags":[],"class_list":["post-125866","post","type-post","status-publish","format-standard","has-post-thumbnail","","category-ultimas-noticias"],"_links":{"self":[{"href":"https:\/\/archive.sana.sy\/es\/index.php?rest_route=\/wp\/v2\/posts\/125866"}],"collection":[{"href":"https:\/\/archive.sana.sy\/es\/index.php?rest_route=\/wp\/v2\/posts"}],"about":[{"href":"https:\/\/archive.sana.sy\/es\/index.php?rest_route=\/wp\/v2\/types\/post"}],"author":[{"embeddable":true,"href":"https:\/\/archive.sana.sy\/es\/index.php?rest_route=\/wp\/v2\/users\/33"}],"replies":[{"embeddable":true,"href":"https:\/\/archive.sana.sy\/es\/index.php?rest_route=%2Fwp%2Fv2%2Fcomments&post=125866"}],"version-history":[{"count":0,"href":"https:\/\/archive.sana.sy\/es\/index.php?rest_route=\/wp\/v2\/posts\/125866\/revisions"}],"wp:featuredmedia":[{"embeddable":true,"href":"https:\/\/archive.sana.sy\/es\/index.php?rest_route=\/wp\/v2\/media\/125868"}],"wp:attachment":[{"href":"https:\/\/archive.sana.sy\/es\/index.php?rest_route=%2Fwp%2Fv2%2Fmedia&parent=125866"}],"wp:term":[{"taxonomy":"category","embeddable":true,"href":"https:\/\/archive.sana.sy\/es\/index.php?rest_route=%2Fwp%2Fv2%2Fcategories&post=125866"},{"taxonomy":"post_tag","embeddable":true,"href":"https:\/\/archive.sana.sy\/es\/index.php?rest_route=%2Fwp%2Fv2%2Ftags&post=125866"}],"curies":[{"name":"wp","href":"https:\/\/api.w.org\/{rel}","templated":true}]}}