{"id":125893,"date":"2020-01-03T16:04:55","date_gmt":"2020-01-03T14:04:55","guid":{"rendered":"http:\/\/sana.sy\/es\/?p=125893"},"modified":"2023-01-12T14:44:57","modified_gmt":"2023-01-12T12:44:57","slug":"masivas-marchas-en-iran-en-repudio-al-asesinato-del-general-soleimani","status":"publish","type":"post","link":"https:\/\/archive.sana.sy\/es\/?p=125893","title":{"rendered":"Masivas marchas en Ir\u00e1n en repudio al asesinato del general Soleimani"},"content":{"rendered":"<p style=\"text-align: justify;\"><strong><span style=\"color: #800000;\">Teher\u00e1n, SANA<\/span><\/strong><\/p>\n<p style=\"text-align: justify;\">Miles de iran\u00edes salieron a las calles de Teher\u00e1n y otras ciudades del pa\u00eds para condenar la agresi\u00f3n de EE.UU que caus\u00f3 el martirio del mayor general Qassem Soleimani, comandante de la Fuerza al-Quds en el Cuerpo de la Guardianes de la Revoluci\u00f3n de Ir\u00e1n, y el subjefe de la Fuerza Popular iraqu\u00ed, Abu Mahdi al-Muhandes.<\/p>\n<p style=\"text-align: justify;\">Los manifestantes gritaron esl\u00f3ganes que rechazan la prepotencia y arrogancia de EE.UU, y manifestaron su determinaci\u00f3n de seguir la lucha contra el terrorismo y el camino que ha tomado este alto general de defender las justas causas de los pueblos contra las injusticias de EE.UU y el ocupante sionista.<\/p>\n<p style=\"text-align: justify;\">El l\u00edder de la Revoluci\u00f3n Isl\u00e1mica de Ir\u00e1n, Sayyed Ali Jamenei, alert\u00f3 a los \u201ccriminales\u201d de EE.UU. que les espera una \u201cdura respuesta\u201d por parte de Ir\u00e1n por el asesinato de Soleimani.<\/p>\n<p style=\"text-align: justify;\"><strong><span style=\"color: #0000ff;\">F.M<\/span><\/strong><\/p>\n","protected":false},"excerpt":{"rendered":"<p>Teher\u00e1n, SANA Miles de iran\u00edes salieron a las calles de Teher\u00e1n y otras ciudades del pa\u00eds para condenar la agresi\u00f3n de EE.UU que caus\u00f3 el martirio del mayor general Qassem Soleimani, comandante de la Fuerza al-Quds en el Cuerpo de la Guardianes de la Revoluci\u00f3n de Ir\u00e1n, y el subjefe de la Fuerza Popular iraqu\u00ed, &hellip;<\/p>\n","protected":false},"author":34,"featured_media":125895,"comment_status":"closed","ping_status":"closed","sticky":false,"template":"","format":"standard","meta":{"footnotes":""},"categories":[597,456,7541],"tags":[],"class_list":["post-125893","post","type-post","status-publish","format-standard","has-post-thumbnail","","category-cinta-de-noticias","category-arabe-internacional-politica","category-ultimas-noticias"],"_links":{"self":[{"href":"https:\/\/archive.sana.sy\/es\/index.php?rest_route=\/wp\/v2\/posts\/125893"}],"collection":[{"href":"https:\/\/archive.sana.sy\/es\/index.php?rest_route=\/wp\/v2\/posts"}],"about":[{"href":"https:\/\/archive.sana.sy\/es\/index.php?rest_route=\/wp\/v2\/types\/post"}],"author":[{"embeddable":true,"href":"https:\/\/archive.sana.sy\/es\/index.php?rest_route=\/wp\/v2\/users\/34"}],"replies":[{"embeddable":true,"href":"https:\/\/archive.sana.sy\/es\/index.php?rest_route=%2Fwp%2Fv2%2Fcomments&post=125893"}],"version-history":[{"count":0,"href":"https:\/\/archive.sana.sy\/es\/index.php?rest_route=\/wp\/v2\/posts\/125893\/revisions"}],"wp:featuredmedia":[{"embeddable":true,"href":"https:\/\/archive.sana.sy\/es\/index.php?rest_route=\/wp\/v2\/media\/125895"}],"wp:attachment":[{"href":"https:\/\/archive.sana.sy\/es\/index.php?rest_route=%2Fwp%2Fv2%2Fmedia&parent=125893"}],"wp:term":[{"taxonomy":"category","embeddable":true,"href":"https:\/\/archive.sana.sy\/es\/index.php?rest_route=%2Fwp%2Fv2%2Fcategories&post=125893"},{"taxonomy":"post_tag","embeddable":true,"href":"https:\/\/archive.sana.sy\/es\/index.php?rest_route=%2Fwp%2Fv2%2Ftags&post=125893"}],"curies":[{"name":"wp","href":"https:\/\/api.w.org\/{rel}","templated":true}]}}