{"id":125987,"date":"2020-01-04T14:59:54","date_gmt":"2020-01-04T12:59:54","guid":{"rendered":"http:\/\/sana.sy\/es\/?p=125987"},"modified":"2020-01-04T19:38:47","modified_gmt":"2020-01-04T17:38:47","slug":"ejercito-bombardea-con-artilleria-y-misiles-los-feudos-terroristas-en-las-provincias-idleb-y-alepo","status":"publish","type":"post","link":"https:\/\/archive.sana.sy\/es\/?p=125987","title":{"rendered":"Ej\u00e9rcito bombardea con artiller\u00eda y misiles los feudos terroristas en las provincias Idleb y Alepo"},"content":{"rendered":"<p style=\"text-align: justify;\"><strong><span style=\"color: #800000;\">Idleb &#8211; Alepo, SANA<\/span><\/strong><\/p>\n<p style=\"text-align: justify;\">Unidades del ej\u00e9rcito \u00e1rabe sirio destruyeron sedes y fortificaciones de las agrupaciones radicales en varias localidades en el sudeste de Idleb y sur de Alepo, donde los terroristas toman a los civiles como escudos humanos y les impiden de salir hacia las zonas seguras bajo control gubernamental.<\/p>\n<p style=\"text-align: justify;\">\u201cLos militares bombardearon con artiller\u00eda y misiles a concentraciones de los grupos terroristas en las ciudad de Maarat al-Numan, Saraqueb, Maarshourin, Maarashmsha y Talmans, en el sudeste de Idleb\u201d report\u00f3 el corresponsal de SANA.<\/p>\n<p style=\"text-align: justify;\">Indic\u00f3 que los ataques provocaron la eliminaci\u00f3n de varios terroristas y la destrucci\u00f3n de sus armas y municiones.<\/p>\n<p style=\"text-align: justify;\">En el sudoeste de Alepo, escuadras del ej\u00e9rcito atacaron con artiller\u00eda los focos y fortificaciones de las organizaciones terroristas en la aldea de Kalsa, los terroristas sufrieron bajas en sus filas, y sus pertrechos b\u00e9licos fueron destruidos.<\/p>\n<p style=\"text-align: justify;\">Al oeste y sur de la ciudad de Alepo, se despliegan grupos terroristas en su mayor\u00eda combaten bajo el paragua del Frente al-Nousra&#8221; que bombardea frecuentemente los barrios residenciales de la urbe y las aldeas circundantes.<\/p>\n<p style=\"text-align: justify;\"><strong><span style=\"color: #0000ff;\">A.Sh\/ F.M<\/span><\/strong><\/p>\n","protected":false},"excerpt":{"rendered":"<p>Idleb &#8211; Alepo, SANA Unidades del ej\u00e9rcito \u00e1rabe sirio destruyeron sedes y fortificaciones de las agrupaciones radicales en varias localidades en el sudeste de Idleb y sur de Alepo, donde los terroristas toman a los civiles como escudos humanos y les impiden de salir hacia las zonas seguras bajo control gubernamental. \u201cLos militares bombardearon con &hellip;<\/p>\n","protected":false},"author":34,"featured_media":125989,"comment_status":"closed","ping_status":"closed","sticky":false,"template":"","format":"standard","meta":{"footnotes":""},"categories":[597,573,476,583],"tags":[],"class_list":["post-125987","post","type-post","status-publish","format-standard","has-post-thumbnail","","category-cinta-de-noticias","category-la-realidad-de-los-acontecimientos-en-siria","category-locales","category-slide"],"_links":{"self":[{"href":"https:\/\/archive.sana.sy\/es\/index.php?rest_route=\/wp\/v2\/posts\/125987"}],"collection":[{"href":"https:\/\/archive.sana.sy\/es\/index.php?rest_route=\/wp\/v2\/posts"}],"about":[{"href":"https:\/\/archive.sana.sy\/es\/index.php?rest_route=\/wp\/v2\/types\/post"}],"author":[{"embeddable":true,"href":"https:\/\/archive.sana.sy\/es\/index.php?rest_route=\/wp\/v2\/users\/34"}],"replies":[{"embeddable":true,"href":"https:\/\/archive.sana.sy\/es\/index.php?rest_route=%2Fwp%2Fv2%2Fcomments&post=125987"}],"version-history":[{"count":0,"href":"https:\/\/archive.sana.sy\/es\/index.php?rest_route=\/wp\/v2\/posts\/125987\/revisions"}],"wp:featuredmedia":[{"embeddable":true,"href":"https:\/\/archive.sana.sy\/es\/index.php?rest_route=\/wp\/v2\/media\/125989"}],"wp:attachment":[{"href":"https:\/\/archive.sana.sy\/es\/index.php?rest_route=%2Fwp%2Fv2%2Fmedia&parent=125987"}],"wp:term":[{"taxonomy":"category","embeddable":true,"href":"https:\/\/archive.sana.sy\/es\/index.php?rest_route=%2Fwp%2Fv2%2Fcategories&post=125987"},{"taxonomy":"post_tag","embeddable":true,"href":"https:\/\/archive.sana.sy\/es\/index.php?rest_route=%2Fwp%2Fv2%2Ftags&post=125987"}],"curies":[{"name":"wp","href":"https:\/\/api.w.org\/{rel}","templated":true}]}}