{"id":126044,"date":"2020-01-05T06:54:01","date_gmt":"2020-01-05T04:54:01","guid":{"rendered":"http:\/\/sana.sy\/es\/?p=126044"},"modified":"2023-01-10T15:34:49","modified_gmt":"2023-01-10T13:34:49","slug":"titulares-nacionales-e-internacionales-de-la-prensa-nacional-5-de-enero-del-2020","status":"publish","type":"post","link":"https:\/\/archive.sana.sy\/es\/?p=126044","title":{"rendered":"Titulares nacionales e internacionales de la prensa nacional, 5 de enero del 2020"},"content":{"rendered":"<p style=\"text-align: justify;\"><strong><span style=\"color: #800000;\">Damasco, SANA<\/span><\/strong><\/p>\n<p style=\"text-align: justify;\">Los principales diarios y medios de comunicaci\u00f3n sirios destacaron los siguientes titulares del \u00e1mbito nacional e internacional:<\/p>\n<p style=\"text-align: justify;\">&#8211; Decano de los prisioneros sirios y \u00e1rabes en las c\u00e1rceles de ocupaci\u00f3n israel\u00edes, Sedki Suleiman Al-Muqtat: Estados Unidos y el ente sionista son los patrocinadores del terrorismo global.<\/p>\n<p style=\"text-align: justify;\">&#8211; Decenas de ciudadanos originarios del campo oriental de Alepo pasaron por el cruce al-Taiha en su viaje de regreso a sus poblados liberados por el ej\u00e9rcito \u00e1rabe sirio.<\/p>\n<p style=\"text-align: justify;\">&#8211; El edificio de Emigraci\u00f3n y Pasaportes fue reabierto en la ciudad de Homs tras concluirse su reparaci\u00f3n de los da\u00f1os que sufri\u00f3 a consecuencia del terrorismo en 2013.<\/p>\n<p style=\"text-align: justify;\">&#8211; Presidente del parlamento sirio afirma a su hom\u00f3logo iran\u00ed que la agresi\u00f3n de EE.UU solo aumentar\u00e1 la insistencia de la juventud y los resistentes a seguir el ejemplo de los comandantes m\u00e1rtires.<\/p>\n<p style=\"text-align: justify;\">&#8211; Direcci\u00f3n Central del partido Baath asegura que el asesinato de Solaimani es puro terrorismo y una violaci\u00f3n de la soberan\u00eda de los Estados y de los derechos humanos.<\/p>\n<p style=\"text-align: justify;\">&#8211; Ej\u00e9rcito bombardea con artiller\u00eda y misiles los feudos terroristas en las provincias Idleb y Alepo.<\/p>\n<p style=\"text-align: justify;\">&#8211; Cuba: bombardeo de EE.UU en Irak es una acci\u00f3n agresiva, unilateral e injustificada.<\/p>\n<p style=\"text-align: justify;\">&#8211; Venezuela: ataque militar de EE.UU en Irak es una violaci\u00f3n del derecho internacional.<\/p>\n<p style=\"text-align: justify;\">&#8211; Miles de iraqu\u00edes despiden a los m\u00e1rtires Solaimani y al-Muhandes.<\/p>\n<p style=\"text-align: justify;\">&#8211; Completan la ejecuci\u00f3n de proyectos h\u00eddricos en provincia de Sweida por un valor de m\u00e1s de tres mil millones de libras durante 2019.<\/p>\n<p style=\"text-align: justify;\">&#8211; Contin\u00faan esfuerzos de reabrir las carreteras en Quneitra debido a la acumulaci\u00f3n de nieve.<\/p>\n<p style=\"text-align: justify;\">&#8211; Las fuertes lluvias aumentan el nivel de almacenamiento de las represas en la provincia de Latakia.<\/p>\n<p style=\"text-align: justify;\">&#8211; La selecci\u00f3n ol\u00edmpica siria de F\u00fatbol contin\u00faa sus preparativos en Tailandia para las finales asi\u00e1ticas.<\/p>\n<p style=\"text-align: justify;\">&#8211; Prevalece el clima frio y lluvioso en gran parte de Siria.<\/p>\n<p style=\"text-align: justify;\">&#8211; Sindicatos checos ratifican apoyo a Siria en su enfrentamiento al terrorismo.<\/p>\n<p style=\"text-align: justify;\">&#8211; Restablecen servicio el\u00e9ctrico en ciudad de Hasakeh.<\/p>\n<p style=\"text-align: justify;\">&#8211; Rusia y China condenan el crimen estadounidense de asesinar a Solaimani.<\/p>\n<p style=\"text-align: justify;\">&#8211; Asciende a m\u00e1s de un bill\u00f3n 700 millones de libras el valor de las p\u00e9rdidas en el sistema el\u00e9ctrico debido al terrorismo en ciudad Helfaya, Hama.<\/p>\n<p style=\"text-align: justify;\">&#8211; Comandante de la Guardia de la Revoluci\u00f3n Isl\u00e1mica en Ir\u00e1n: las represalias estrat\u00e9gicas por el asesinato de Soleimani y al-Muhandes pondr\u00e1n fin a la presencia de Estados Unidos en la regi\u00f3n.<\/p>\n<p style=\"text-align: justify;\">&#8211; Manifestaciones en ciudades de EE.UU en rechazo a cualquier guerra con Ir\u00e1n.<\/p>\n<p style=\"text-align: justify;\">&#8211; Nilfroshan asegura que la respuesta de la resistencia ser\u00e1 fuerte y Estados Unidos tendr\u00e1 que abandonar la regi\u00f3n.<\/p>\n<p style=\"text-align: justify;\">&#8211; Se estrella un avi\u00f3n esp\u00eda estadounidense al oeste de la provincia de Anbar.<\/p>\n<p style=\"text-align: justify;\">&#8211; Zarif dice que ha comenzado el fin de la malvada presencia estadounidense en la regi\u00f3n.<\/p>\n<p style=\"text-align: justify;\">&#8211; La Fuerza Popular iraqu\u00ed niega cualquier ataque o bombardeo contra sus sedes en Mosul.<\/p>\n<p style=\"text-align: justify;\">&#8211; Personalidades argelinas afirman que el crimen de asesinar a los comandantes m\u00e1rtires viol\u00f3 todas las normas y convenciones internacionales.<\/p>\n<p style=\"text-align: justify;\">&#8211; Los investigadores no descartan la hip\u00f3tesis del terrorismo en el incidente de apu\u00f1alamiento cerca de Par\u00eds.<\/p>\n<p style=\"text-align: justify;\">&#8211; Figuras pol\u00edticas yemen\u00edes: el asesinato de Solaimani y al-Muhandes apunta contra los opositores al proyecto sionista estadounidense.<\/p>\n<p style=\"text-align: justify;\">&#8211; Larijani: el asesinato de figuras oficiales es un terrorismo de estado.<\/p>\n<p style=\"text-align: justify;\">&#8211; Contin\u00faan las condenas \u00e1rabes al crimen estadounidense de asesinato de Solaimani y al-Muhandes.<\/p>\n<p style=\"text-align: justify;\"><strong><span style=\"color: #0000ff;\">F.M<\/span><\/strong><\/p>\n","protected":false},"excerpt":{"rendered":"<p>Damasco, SANA Los principales diarios y medios de comunicaci\u00f3n sirios destacaron los siguientes titulares del \u00e1mbito nacional e internacional: &#8211; Decano de los prisioneros sirios y \u00e1rabes en las c\u00e1rceles de ocupaci\u00f3n israel\u00edes, Sedki Suleiman Al-Muqtat: Estados Unidos y el ente sionista son los patrocinadores del terrorismo global. &#8211; Decenas de ciudadanos originarios del campo &hellip;<\/p>\n","protected":false},"author":34,"featured_media":126045,"comment_status":"closed","ping_status":"closed","sticky":false,"template":"","format":"standard","meta":{"footnotes":""},"categories":[477,447,555,597,7541],"tags":[],"class_list":["post-126044","post","type-post","status-publish","format-standard","has-post-thumbnail","","category-noticias-edulcorantes","category-local-politica","category-prensa","category-cinta-de-noticias","category-ultimas-noticias"],"_links":{"self":[{"href":"https:\/\/archive.sana.sy\/es\/index.php?rest_route=\/wp\/v2\/posts\/126044"}],"collection":[{"href":"https:\/\/archive.sana.sy\/es\/index.php?rest_route=\/wp\/v2\/posts"}],"about":[{"href":"https:\/\/archive.sana.sy\/es\/index.php?rest_route=\/wp\/v2\/types\/post"}],"author":[{"embeddable":true,"href":"https:\/\/archive.sana.sy\/es\/index.php?rest_route=\/wp\/v2\/users\/34"}],"replies":[{"embeddable":true,"href":"https:\/\/archive.sana.sy\/es\/index.php?rest_route=%2Fwp%2Fv2%2Fcomments&post=126044"}],"version-history":[{"count":0,"href":"https:\/\/archive.sana.sy\/es\/index.php?rest_route=\/wp\/v2\/posts\/126044\/revisions"}],"wp:featuredmedia":[{"embeddable":true,"href":"https:\/\/archive.sana.sy\/es\/index.php?rest_route=\/wp\/v2\/media\/126045"}],"wp:attachment":[{"href":"https:\/\/archive.sana.sy\/es\/index.php?rest_route=%2Fwp%2Fv2%2Fmedia&parent=126044"}],"wp:term":[{"taxonomy":"category","embeddable":true,"href":"https:\/\/archive.sana.sy\/es\/index.php?rest_route=%2Fwp%2Fv2%2Fcategories&post=126044"},{"taxonomy":"post_tag","embeddable":true,"href":"https:\/\/archive.sana.sy\/es\/index.php?rest_route=%2Fwp%2Fv2%2Ftags&post=126044"}],"curies":[{"name":"wp","href":"https:\/\/api.w.org\/{rel}","templated":true}]}}