{"id":126049,"date":"2020-01-05T07:02:17","date_gmt":"2020-01-05T05:02:17","guid":{"rendered":"http:\/\/sana.sy\/es\/?p=126049"},"modified":"2020-01-05T07:02:17","modified_gmt":"2020-01-05T05:02:17","slug":"resumen-de-noticias-publicadas-por-sana-05-de-enero-del-2020","status":"publish","type":"post","link":"https:\/\/archive.sana.sy\/es\/?p=126049","title":{"rendered":"Resumen de noticias publicadas por SANA, 05 de enero del 2020"},"content":{"rendered":"<p style=\"text-align: justify;\"><strong><span style=\"color: #800000;\">Damasco, SANA<\/span><\/strong><\/p>\n<p style=\"text-align: justify;\">Les ofrecemos a continuaci\u00f3n un resumen de las noticias nacionales e internacionales relativas a Siria y difundidas por nuestra agencia en las \u00faltimas 24 horas:<\/p>\n<p style=\"text-align: justify;\"><strong><span style=\"color: #0000ff;\">Ej\u00e9rcito bombardea con artiller\u00eda y misiles los feudos terroristas en las provincias Idleb y Alepo<\/span><\/strong><\/p>\n<p style=\"text-align: justify;\">Unidades del ej\u00e9rcito \u00e1rabe sirio destruyeron sedes y fortificaciones de las agrupaciones radicales en varias localidades en el sudeste de Idleb y sur de Alepo, donde los terroristas toman a los civiles como escudos humanos y les impiden de salir hacia las zonas seguras bajo control gubernamental.<\/p>\n<p style=\"text-align: justify;\">\u201cLos militares bombardearon con artiller\u00eda y misiles a concentraciones de los grupos terroristas en las ciudad de Maarat al-Numan, Saraqueb, Maarshourin, Maarashmsha y Talmans, en el sudeste de Idleb\u201d report\u00f3 el corresponsal de SANA.<\/p>\n<p style=\"text-align: justify;\">Indic\u00f3 que los ataques provocaron la eliminaci\u00f3n de varios terroristas y la destrucci\u00f3n de sus armas y municiones.<\/p>\n<p style=\"text-align: justify;\">En el sudoeste de Alepo, escuadras del ej\u00e9rcito atacaron con artiller\u00eda los focos y fortificaciones de las organizaciones terroristas en la aldea de Kalsa, los terroristas sufrieron bajas en sus filas, y sus pertrechos b\u00e9licos fueron destruidos.<\/p>\n<p style=\"text-align: justify;\">Al oeste y sur de la ciudad de Alepo, se despliegan grupos terroristas en su mayor\u00eda combaten bajo el paragua del Frente al-Nousra&#8221; que bombardea frecuentemente los barrios residenciales de la urbe y las aldeas circundantes.<\/p>\n<p style=\"text-align: justify;\"><strong><span style=\"color: #0000ff;\">Desplazados vuelven a sus zonas liberadas del terrorismo en el este de Alepo<\/span><\/strong><\/p>\n<p style=\"text-align: justify;\">Decenas de ciudadanos originarios del campo oriental de Alepo pasaron por el cruce al-Taiha en su viaje de regreso a sus poblados liberados por el ej\u00e9rcito \u00e1rabe sirio.<\/p>\n<p style=\"text-align: justify;\">El reportero de SANA en Alepo inform\u00f3 que 90 personas llegaron al aludido paso y fueron trasladados a entidades estatales donde las autoridades competentes registraron sus datos y normalizaron el estatus legal de un n\u00famero de ellos, as\u00ed como les brindaron todas las facilidades para que retornen el ejercicio de sus labores habituales.<\/p>\n<p style=\"text-align: justify;\">Imad Eldin Gadban, miembro de la Comisi\u00f3n de Normalizaci\u00f3n, explic\u00f3 que han sido tomadas todas las medidas necesarias para facilitar su retorno a sus hogares y as\u00ed poder ejercer su vida de forma activa y contribuir a la reconstrucci\u00f3n de la patria.<\/p>\n<p style=\"text-align: justify;\">Por su parte Abdulah al-Hssein, un notable de Manbej, afirm\u00f3 que los procesos de normalizaci\u00f3n contin\u00faan produci\u00e9ndose y que se brindan todas las facilitaciones para el regreso de los desplazados a sus zonas pacificadas donde las autoridades han restablecido los servicios b\u00e1sicos y creado las condiciones adecuadas.<\/p>\n<p style=\"text-align: justify;\">Los retornados expresaron sentirse felices por el regreso a sus casas y tierras agr\u00edcolas.<\/p>\n<p style=\"text-align: justify;\"><strong><span style=\"color: #0000ff;\">Reapertura del Centro de Emigraci\u00f3n y Pasaportes de Homs<\/span><\/strong><\/p>\n<p style=\"text-align: justify;\">El edificio de Emigraci\u00f3n y Pasaportes fue reabierto en la ciudad de Homs tras concluirse su reparaci\u00f3n de los da\u00f1os que sufri\u00f3 a consecuencia del terrorismo en 2013.<\/p>\n<p style=\"text-align: justify;\">La entidad que cerr\u00f3 sus puertas durante siete a\u00f1os se someti\u00f3 a obras de restauraci\u00f3n y remodelaci\u00f3n con un costo de 102 millones de libras sirias.<\/p>\n<p style=\"text-align: justify;\">El Ministro de Interior, el general de divisi\u00f3n Mohamed al-Rahmoun, afirm\u00f3 a los periodistas que la \u00a0reapertura del centro es parte de la estrategia del gobierno para rehabilitar todas las instalaciones saboteadas y destruidas debido al terrorismo.<\/p>\n<p style=\"text-align: justify;\">Hizo alusi\u00f3n al incremento del n\u00famero de sirios desplazados que regresaron a sus localidades gracias a las facilitaciones prestadas por el gobierno sirio.<\/p>\n<p style=\"text-align: justify;\">Afirm\u00f3 que, hasta la fecha, unos 18 mil desplazados aproximadamente regresaron a sus hogares en Homs.<\/p>\n<p style=\"text-align: justify;\"><strong><span style=\"color: #0000ff;\">Sindicatos checos ratifican apoyo a Siria en su enfrentamiento al terrorismo.<\/span><\/strong><\/p>\n<p style=\"text-align: justify;\">La Federaci\u00f3n de Sindicatos de la Rep\u00fablica Checa reiter\u00f3 su solidaridad con Siria en su enfrentamiento al terrorismo, el imperialismo y el sionismo.<\/p>\n<p style=\"text-align: justify;\">Martin Bich, miembro del Comit\u00e9 de Exteriores en la Federaci\u00f3n, afirm\u00f3 en una declaraci\u00f3n al corresponsal de SANA en Praga, el apoyo a las demandas sirias de recuperar el Gol\u00e1n ocupado y la condena de los repetidos ataques israel\u00edes contra el territorio sirio.<\/p>\n<p style=\"text-align: justify;\">Bich repudi\u00f3 la continuaci\u00f3n de la ocupaci\u00f3n turca a partes del territorio sirio y el constante apoyo del presidente del r\u00e9gimen turco, Recep Tayyip Erdogan, a las organizaciones terroristas en Siria.<\/p>\n<p style=\"text-align: justify;\">\u201cReafirmamos nuestro respaldo al ej\u00e9rcito sirio y sus aliados en su empe\u00f1o para eliminar los focos del terrorismo en Idleb\u201d, concluy\u00f3.<\/p>\n<p style=\"text-align: justify;\"><strong><span style=\"color: #0000ff;\">Restablecen servicio el\u00e9ctrico en ciudad de Hasakeh<\/span><\/strong><\/p>\n<p style=\"text-align: justify;\">Los t\u00e9cnicos de la Empresa de Electricidad en la provincia de Hasakeh restablecieron el servicio el\u00e9ctrico en la cabecera provincial y sus alrededores tras concluir las obras de mantenimiento a la l\u00ednea de 66 kilovoltios.<\/p>\n<p style=\"text-align: justify;\">\u00a0\u201cLa v\u00edspera, ocurri\u00f3 una falla t\u00e9cnica en la l\u00ednea que conecta las plantas transformadoras de al-Bawab y al-Gazel, lo que caus\u00f3 un corte de electricidad\u201d, explic\u00f3 Anwar Elkeh, el director de la Empresa.<\/p>\n<p style=\"text-align: justify;\">El Ministerio de Electricidad lleva a cabo esfuerzos excepcionales para reparar los da\u00f1os que caus\u00f3 el terrorismo en el sector el\u00e9ctrico y\u00a0 restablecer este servicio en todo el pa\u00eds.<\/p>\n<p style=\"text-align: justify;\"><strong><span style=\"color: #0000ff;\">Prevalece clima fr\u00edo y lluvioso en gran parte de Siria<\/span><\/strong><\/p>\n<p style=\"text-align: justify;\">Bajas temperaturas y fuertes precipitaciones afectan la mayor\u00eda de las provincias del pa\u00eds, donde la mayor cantidad de lluvias se registr\u00f3 en la zona de Aeropuerto Al-Bassel en la provincia costera de Latakia, donde cayeron 62 mm de lluvia.<\/p>\n<p style=\"text-align: justify;\">Asimismo, la nieve cubri\u00f3 las localidades monta\u00f1osas en la provincia de Rif Dimashq (zonas al noroeste y sudoeste de la capital Damasco), como en la localidad de Harneh donde se registraron 15 cm de nieve.<\/p>\n<p style=\"text-align: justify;\">Seg\u00fan los pron\u00f3sticos, las lluvias caer\u00e1n en todo el pa\u00eds y la cota de nieve bajar\u00e1 a unos 1000 metros de altura.<\/p>\n<p style=\"text-align: justify;\">Se registraron temperaturas m\u00ednimas hasta 4 grados cent\u00edgrados en la capital.<\/p>\n<p style=\"text-align: justify;\"><strong><span style=\"color: #0000ff;\">Miles de iraqu\u00edes despiden a los m\u00e1rtires Solaimani y al-Muhandes<\/span><\/strong><\/p>\n<p style=\"text-align: justify;\">Miles de los iraqu\u00edes participaron en la capital, Bagdad, en las ceremonias f\u00fanebres del l\u00edder de la Fuerza al-Quds en la Guardia Revolucionaria iran\u00ed, el Teniente General Qassem Suleimani y el subcomandante del Cuerpo de Fuerza Popular Iraqu\u00ed, Abu Mahdi al-Muhandes, quienes perdieron la vida la madrugada del viernes, en una agresi\u00f3n estadounidense con misiles.<\/p>\n<p style=\"text-align: justify;\">Las multitudes participantes en la procesi\u00f3n f\u00fanebre en el barrio Kazimiyya de Bagdad, gritaron consignas que condenan la agresi\u00f3n estadounidense.<\/p>\n<p style=\"text-align: justify;\">El l\u00edder de la Revoluci\u00f3n Isl\u00e1mica en Ir\u00e1n, el Imam Sayyed Ali Jamenei, hab\u00eda prometido una respuesta contundente al asesinato de Suleimani.<\/p>\n<p style=\"text-align: justify;\">Dicho crimen provoc\u00f3 amplia condena internacional. Al mismo tiempo, el Consejo Supremo de Seguridad Nacional de Ir\u00e1n afirm\u00f3 que &#8220;los criminales recibir\u00e1n una venganza dura en el momento y lugar adecuados.<\/p>\n<p style=\"text-align: justify;\"><strong><span style=\"color: #0000ff;\">Cuba: bombardeo de EE.UU en Irak es una acci\u00f3n agresiva, unilateral e injustificada.<\/span><\/strong><\/p>\n<p style=\"text-align: justify;\">Cuba conden\u00f3 la agresi\u00f3n de Estados Unidos en Irak y que caus\u00f3 el martirio del comandante de la Fuerza al-Quds en el Cuerpo de la Guardianes de la Revoluci\u00f3n de Ir\u00e1n, el mayor general Qassem Soleimani, el subcomandante de la Fuerza Popular iraqu\u00ed, Abu Mahdi al-Muhandes,<\/p>\n<p style=\"text-align: justify;\">\u201cCondenamos en\u00e9rgicamente bombardeo de EEUU cerca del aeropuerto de Bagdad y uso de misiles para asesinato selectivo\u201d, suscribi\u00f3 en su cuenta de Twitter el canciller cubano, Bruno Rodr\u00edguez Parrilla.<\/p>\n<p style=\"text-align: justify;\">El titular de Relaciones Exteriores indic\u00f3 que esta acci\u00f3n representa una grave escalada en la regi\u00f3n de Medio Oriente donde puede estallar conflicto con incalculables consecuencias para la paz y seguridad internacional.<\/p>\n<p style=\"text-align: justify;\">En el mismo contexto, un comunicado de la Canciller\u00eda de Cuba alert\u00f3 que la paz en el mundo est\u00e1 amenazada luego de la agresi\u00f3n de Estados Unidos en Irak.<\/p>\n<p style=\"text-align: justify;\">Seg\u00fan el texto del comunicado, este tipo de acciones agresivas, unilaterales e injustificadas de Estados Unidos representan una clara violaci\u00f3n del Derecho Internacional y una grave escalada en la regi\u00f3n.<\/p>\n<p style=\"text-align: justify;\"><strong><span style=\"color: #0000ff;\">Venezuela: ataque militar de EE.UU en Irak es una violaci\u00f3n del derecho internacional.<\/span><\/strong><\/p>\n<p style=\"text-align: justify;\">El gobierno venezolano conden\u00f3 la reciente agresi\u00f3n estadounidense en Irak que sald\u00f3 con el martirio del comandante de la Fuerza al-Quds en la Guardia Revolucionaria iran\u00ed, el teniente general Qassem Soleimani, y el subcomandante del Cuerpo de Fuerza Popular iraqu\u00ed, Abu Mahdi Al-Muhandes.<\/p>\n<p style=\"text-align: justify;\">\u201cEsta acci\u00f3n agresiva aumenta la tensi\u00f3n en la regi\u00f3n y constituye una violaci\u00f3n del derecho internacional&#8221;, afirm\u00f3 un comunicado de la canciller\u00eda venezolana.<\/p>\n<p style=\"text-align: justify;\">Expres\u00f3 sus condolencias y solidaridad con los pueblos y gobiernos de Irak e Ir\u00e1n.<\/p>\n<p style=\"text-align: justify;\">El gobierno venezolano inst\u00f3 a respetar el Derecho Internacional y llam\u00f3 a todos los actores a que contribuyan a mantener la paz en el Medio Oriente.<\/p>\n","protected":false},"excerpt":{"rendered":"<p>Damasco, SANA Les ofrecemos a continuaci\u00f3n un resumen de las noticias nacionales e internacionales relativas a Siria y difundidas por nuestra agencia en las \u00faltimas 24 horas: Ej\u00e9rcito bombardea con artiller\u00eda y misiles los feudos terroristas en las provincias Idleb y Alepo Unidades del ej\u00e9rcito \u00e1rabe sirio destruyeron sedes y fortificaciones de las agrupaciones radicales &hellip;<\/p>\n","protected":false},"author":34,"featured_media":125945,"comment_status":"closed","ping_status":"closed","sticky":false,"template":"","format":"standard","meta":{"footnotes":""},"categories":[447,555,597,7541],"tags":[],"class_list":["post-126049","post","type-post","status-publish","format-standard","has-post-thumbnail","","category-local-politica","category-prensa","category-cinta-de-noticias","category-ultimas-noticias"],"_links":{"self":[{"href":"https:\/\/archive.sana.sy\/es\/index.php?rest_route=\/wp\/v2\/posts\/126049"}],"collection":[{"href":"https:\/\/archive.sana.sy\/es\/index.php?rest_route=\/wp\/v2\/posts"}],"about":[{"href":"https:\/\/archive.sana.sy\/es\/index.php?rest_route=\/wp\/v2\/types\/post"}],"author":[{"embeddable":true,"href":"https:\/\/archive.sana.sy\/es\/index.php?rest_route=\/wp\/v2\/users\/34"}],"replies":[{"embeddable":true,"href":"https:\/\/archive.sana.sy\/es\/index.php?rest_route=%2Fwp%2Fv2%2Fcomments&post=126049"}],"version-history":[{"count":0,"href":"https:\/\/archive.sana.sy\/es\/index.php?rest_route=\/wp\/v2\/posts\/126049\/revisions"}],"wp:featuredmedia":[{"embeddable":true,"href":"https:\/\/archive.sana.sy\/es\/index.php?rest_route=\/wp\/v2\/media\/125945"}],"wp:attachment":[{"href":"https:\/\/archive.sana.sy\/es\/index.php?rest_route=%2Fwp%2Fv2%2Fmedia&parent=126049"}],"wp:term":[{"taxonomy":"category","embeddable":true,"href":"https:\/\/archive.sana.sy\/es\/index.php?rest_route=%2Fwp%2Fv2%2Fcategories&post=126049"},{"taxonomy":"post_tag","embeddable":true,"href":"https:\/\/archive.sana.sy\/es\/index.php?rest_route=%2Fwp%2Fv2%2Ftags&post=126049"}],"curies":[{"name":"wp","href":"https:\/\/api.w.org\/{rel}","templated":true}]}}