{"id":126051,"date":"2020-01-05T12:05:45","date_gmt":"2020-01-05T10:05:45","guid":{"rendered":"http:\/\/sana.sy\/es\/?p=126051"},"modified":"2020-01-05T12:05:41","modified_gmt":"2020-01-05T10:05:41","slug":"millones-de-iranies-participan-en-ceremonia-de-luto-por-el-general-soleimani","status":"publish","type":"post","link":"https:\/\/archive.sana.sy\/es\/?p=126051","title":{"rendered":"Millones de iran\u00edes participan en ceremonia de luto por el general Soleimani"},"content":{"rendered":"<p style=\"text-align: justify;\"><span style=\"color: #800000;\">Teher\u00e1n, SANA<\/span><\/p>\n<p style=\"text-align: justify;\">Millones de iran\u00edes participan en la ceremonia de luto en la ciudad de Ahvaz en el sudoeste de Ir\u00e1n, a donde llegaron los cuerpos del teniente general Qasem Soleimani, comandante de la Fuerza Quds del Cuerpo de Guardianes de la Revoluci\u00f3n Isl\u00e1mica (CGRI) de Ir\u00e1n, y del subcomandante de las Unidades de Fuerza Popular de Irak (Hashad Al-Shabi), Abu Mahdi al-Muhandes, junto con otros comandantes.<\/p>\n<p style=\"text-align: justify;\">Los dolientes corearon consignas en contra Estados Unidos y en repudio a su crimen.<\/p>\n<p style=\"text-align: justify;\">Despu\u00e9s de Ahvaz, los cuerpos de los m\u00e1rtires ser\u00e1n trasladados a la ciudad de Mashad en el noreste del pa\u00eds, y luego a la capital Teher\u00e1n, y finalmente a Kerman, su ciudad natal, donde ser\u00e1 sepultado el cuerpo del general Soleimani.<\/p>\n<p style=\"text-align: justify;\">Cientos de miles de iraqu\u00edes hab\u00edan participado en los funerales de Soleimani y al-Mohandes, y sus compa\u00f1eros, que tuvieron lugar en Bagdad, Karbala y Najaf.<\/p>\n<div id='gallery-1' class='gallery galleryid-126051 gallery-columns-1 gallery-size-full'><figure class='gallery-item'>\n\t\t\t<div class='gallery-icon landscape'>\n\t\t\t\t<a href='https:\/\/archive.sana.sy\/es\/?attachment_id=126054'><img loading=\"lazy\" decoding=\"async\" width=\"660\" height=\"440\" src=\"https:\/\/archive.sana.sy\/es\/wp-content\/uploads\/2020\/01\/4-33.jpg\" class=\"attachment-full size-full\" alt=\"\" srcset=\"https:\/\/archive.sana.sy\/es\/wp-content\/uploads\/2020\/01\/4-33.jpg 660w, https:\/\/archive.sana.sy\/es\/wp-content\/uploads\/2020\/01\/4-33-300x200.jpg 300w, https:\/\/archive.sana.sy\/es\/wp-content\/uploads\/2020\/01\/4-33-150x100.jpg 150w\" sizes=\"(max-width: 660px) 100vw, 660px\" \/><\/a>\n\t\t\t<\/div><\/figure><figure class='gallery-item'>\n\t\t\t<div class='gallery-icon landscape'>\n\t\t\t\t<a href='https:\/\/archive.sana.sy\/es\/?attachment_id=126055'><img loading=\"lazy\" decoding=\"async\" width=\"660\" height=\"330\" src=\"https:\/\/archive.sana.sy\/es\/wp-content\/uploads\/2020\/01\/ahwazzzzzzzzzz-660x330-1.jpg\" class=\"attachment-full size-full\" alt=\"\" srcset=\"https:\/\/archive.sana.sy\/es\/wp-content\/uploads\/2020\/01\/ahwazzzzzzzzzz-660x330-1.jpg 660w, https:\/\/archive.sana.sy\/es\/wp-content\/uploads\/2020\/01\/ahwazzzzzzzzzz-660x330-1-300x150.jpg 300w, https:\/\/archive.sana.sy\/es\/wp-content\/uploads\/2020\/01\/ahwazzzzzzzzzz-660x330-1-150x75.jpg 150w\" sizes=\"(max-width: 660px) 100vw, 660px\" \/><\/a>\n\t\t\t<\/div><\/figure><figure class='gallery-item'>\n\t\t\t<div class='gallery-icon landscape'>\n\t\t\t\t<a href='https:\/\/archive.sana.sy\/es\/?attachment_id=126053'><img loading=\"lazy\" decoding=\"async\" width=\"300\" height=\"168\" src=\"https:\/\/archive.sana.sy\/es\/wp-content\/uploads\/2020\/01\/3-38-300x168-1.jpg\" class=\"attachment-full size-full\" alt=\"\" srcset=\"https:\/\/archive.sana.sy\/es\/wp-content\/uploads\/2020\/01\/3-38-300x168-1.jpg 300w, https:\/\/archive.sana.sy\/es\/wp-content\/uploads\/2020\/01\/3-38-300x168-1-150x84.jpg 150w\" sizes=\"(max-width: 300px) 100vw, 300px\" \/><\/a>\n\t\t\t<\/div><\/figure>\n\t\t<\/div>\n\n<p style=\"text-align: justify;\"><span style=\"color: #0000ff;\">F.M\/W.S<\/span><\/p>\n","protected":false},"excerpt":{"rendered":"<p>Teher\u00e1n, SANA Millones de iran\u00edes participan en la ceremonia de luto en la ciudad de Ahvaz en el sudoeste de Ir\u00e1n, a donde llegaron los cuerpos del teniente general Qasem Soleimani, comandante de la Fuerza Quds del Cuerpo de Guardianes de la Revoluci\u00f3n Isl\u00e1mica (CGRI) de Ir\u00e1n, y del subcomandante de las Unidades de Fuerza &hellip;<\/p>\n","protected":false},"author":35,"featured_media":126052,"comment_status":"closed","ping_status":"closed","sticky":false,"template":"","format":"standard","meta":{"footnotes":""},"categories":[597,456,7541],"tags":[],"class_list":["post-126051","post","type-post","status-publish","format-standard","has-post-thumbnail","","category-cinta-de-noticias","category-arabe-internacional-politica","category-ultimas-noticias"],"_links":{"self":[{"href":"https:\/\/archive.sana.sy\/es\/index.php?rest_route=\/wp\/v2\/posts\/126051"}],"collection":[{"href":"https:\/\/archive.sana.sy\/es\/index.php?rest_route=\/wp\/v2\/posts"}],"about":[{"href":"https:\/\/archive.sana.sy\/es\/index.php?rest_route=\/wp\/v2\/types\/post"}],"author":[{"embeddable":true,"href":"https:\/\/archive.sana.sy\/es\/index.php?rest_route=\/wp\/v2\/users\/35"}],"replies":[{"embeddable":true,"href":"https:\/\/archive.sana.sy\/es\/index.php?rest_route=%2Fwp%2Fv2%2Fcomments&post=126051"}],"version-history":[{"count":0,"href":"https:\/\/archive.sana.sy\/es\/index.php?rest_route=\/wp\/v2\/posts\/126051\/revisions"}],"wp:featuredmedia":[{"embeddable":true,"href":"https:\/\/archive.sana.sy\/es\/index.php?rest_route=\/wp\/v2\/media\/126052"}],"wp:attachment":[{"href":"https:\/\/archive.sana.sy\/es\/index.php?rest_route=%2Fwp%2Fv2%2Fmedia&parent=126051"}],"wp:term":[{"taxonomy":"category","embeddable":true,"href":"https:\/\/archive.sana.sy\/es\/index.php?rest_route=%2Fwp%2Fv2%2Fcategories&post=126051"},{"taxonomy":"post_tag","embeddable":true,"href":"https:\/\/archive.sana.sy\/es\/index.php?rest_route=%2Fwp%2Fv2%2Ftags&post=126051"}],"curies":[{"name":"wp","href":"https:\/\/api.w.org\/{rel}","templated":true}]}}