{"id":126064,"date":"2020-01-05T13:40:15","date_gmt":"2020-01-05T11:40:15","guid":{"rendered":"http:\/\/sana.sy\/es\/?p=126064"},"modified":"2020-01-05T13:40:15","modified_gmt":"2020-01-05T11:40:15","slug":"presidente-del-parlamento-expresa-condolencias-a-su-homologo-irani-por-el-martirio-del-general-solaimani","status":"publish","type":"post","link":"https:\/\/archive.sana.sy\/es\/?p=126064","title":{"rendered":"Presidente del parlamento expresa condolencias a su hom\u00f3logo iran\u00ed por el martirio del general Solaimani"},"content":{"rendered":"<div>\n<p style=\"text-align: justify;\"><span style=\"color: #800000;\">Damasco, SANA<\/span><\/p>\n<p style=\"text-align: justify;\">El presidente de la Asamblea del Pueblo (parlamento), Hamouda Sabbagh, envi\u00f3 un mensaje de condolencias al presidente del Consejo\u00a0\u00a0Isl\u00e1mico de la Shura de Ir\u00e1n, Ali Larijani, por el martirio del teniente general Qassem Soleimani, comandante de las Fuerza Al-Quds.<\/p>\n<p style=\"text-align: justify;\">En su mensaje, Sabbagh conden\u00f3 y denunci\u00f3 esa traicionera agresi\u00f3n estadounidense.<\/p>\n<p style=\"text-align: justify;\">&#8220;Esa pura sangre har\u00e1 que j\u00f3venes y resistentes est\u00e9n m\u00e1s determinados a continuar el enfoque de esos m\u00e1rtires en la resistencia a la ocupaci\u00f3n, la hegemon\u00eda y el terrorismo&#8221;, dijo Sabbagh<\/p>\n<p style=\"text-align: justify;\">Expres\u00f3 su sinceras condolencias al pueblo y liderazgo iran\u00ed, al l\u00edder supremo de la Revoluci\u00f3n Isl\u00e1mica en Ir\u00e1n, Al\u00ed Jamenei, y a los familiares de los m\u00e1rtires.<\/p>\n<\/div>\n<div class=\"adL\" style=\"text-align: justify;\"><span style=\"color: #0000ff;\">E.D\/ F.M<\/span><\/div>\n","protected":false},"excerpt":{"rendered":"<p>Damasco, SANA El presidente de la Asamblea del Pueblo (parlamento), Hamouda Sabbagh, envi\u00f3 un mensaje de condolencias al presidente del Consejo\u00a0\u00a0Isl\u00e1mico de la Shura de Ir\u00e1n, Ali Larijani, por el martirio del teniente general Qassem Soleimani, comandante de las Fuerza Al-Quds. En su mensaje, Sabbagh conden\u00f3 y denunci\u00f3 esa traicionera agresi\u00f3n estadounidense. &#8220;Esa pura sangre &hellip;<\/p>\n","protected":false},"author":32,"featured_media":126065,"comment_status":"closed","ping_status":"closed","sticky":false,"template":"","format":"standard","meta":{"footnotes":""},"categories":[597,476,7541],"tags":[17286],"class_list":["post-126064","post","type-post","status-publish","format-standard","has-post-thumbnail","","category-cinta-de-noticias","category-locales","category-ultimas-noticias","tag-presidente-del-parlamento-expresa-condolencias-a-su-homologo-irani-por-el-martirio-del-general-solaimani"],"_links":{"self":[{"href":"https:\/\/archive.sana.sy\/es\/index.php?rest_route=\/wp\/v2\/posts\/126064"}],"collection":[{"href":"https:\/\/archive.sana.sy\/es\/index.php?rest_route=\/wp\/v2\/posts"}],"about":[{"href":"https:\/\/archive.sana.sy\/es\/index.php?rest_route=\/wp\/v2\/types\/post"}],"author":[{"embeddable":true,"href":"https:\/\/archive.sana.sy\/es\/index.php?rest_route=\/wp\/v2\/users\/32"}],"replies":[{"embeddable":true,"href":"https:\/\/archive.sana.sy\/es\/index.php?rest_route=%2Fwp%2Fv2%2Fcomments&post=126064"}],"version-history":[{"count":0,"href":"https:\/\/archive.sana.sy\/es\/index.php?rest_route=\/wp\/v2\/posts\/126064\/revisions"}],"wp:featuredmedia":[{"embeddable":true,"href":"https:\/\/archive.sana.sy\/es\/index.php?rest_route=\/wp\/v2\/media\/126065"}],"wp:attachment":[{"href":"https:\/\/archive.sana.sy\/es\/index.php?rest_route=%2Fwp%2Fv2%2Fmedia&parent=126064"}],"wp:term":[{"taxonomy":"category","embeddable":true,"href":"https:\/\/archive.sana.sy\/es\/index.php?rest_route=%2Fwp%2Fv2%2Fcategories&post=126064"},{"taxonomy":"post_tag","embeddable":true,"href":"https:\/\/archive.sana.sy\/es\/index.php?rest_route=%2Fwp%2Fv2%2Ftags&post=126064"}],"curies":[{"name":"wp","href":"https:\/\/api.w.org\/{rel}","templated":true}]}}