{"id":12613,"date":"2014-11-15T21:40:41","date_gmt":"2014-11-15T19:40:41","guid":{"rendered":"http:\/\/www.sana.sy\/es\/?p=12613"},"modified":"2014-11-16T17:41:29","modified_gmt":"2014-11-16T15:41:29","slug":"general-ayub-visita-las-fuerzas-que-operan-en-la-montana-al-saer-y-confirma-la-importancia-de-su-papel-en-la-defensa-de-la-patria","status":"publish","type":"post","link":"https:\/\/archive.sana.sy\/es\/?p=12613","title":{"rendered":"General Ayub visita las fuerzas que operan en la Monta\u00f1a Al-Shaer y confirma la importancia de su papel en la defensa de la patria"},"content":{"rendered":"<p style=\"text-align: justify\"><span style=\"color: #800000\">Homs, SANA<\/span><\/p>\n<p style=\"text-align: justify\">El general Ali Abdullah Ayub,\u00a0 Jefe Mayor del Estado General del Ej\u00e9rcito y de las Fuerzas Armadas, en compa\u00f1\u00eda de unos oficiales del Mando General, ha llevado a cabo una visita de campo a las fuerza que operan en la Monta\u00f1a de Al-Shaer en la campi\u00f1a este de Homs, donde escuch\u00f3 una explicaci\u00f3n detallada de los oficiales de campo sobre las tareas y las acciones de combate que han sido realizadas por el Ej\u00e9rcito contra las organizaciones terroristas en la regi\u00f3n.<\/p>\n<p style=\"text-align: justify\"><a href=\"http:\/\/www.sana.sy\/es\/wp-content\/uploads\/2014\/11\/18.jpg\"><img loading=\"lazy\" decoding=\"async\" class=\"alignleft wp-image-12615 size-medium\" src=\"http:\/\/www.sana.sy\/es\/wp-content\/uploads\/2014\/11\/18-300x189.jpg\" alt=\"1\" width=\"300\" height=\"189\" srcset=\"https:\/\/archive.sana.sy\/es\/wp-content\/uploads\/2014\/11\/18-300x189.jpg 300w, https:\/\/archive.sana.sy\/es\/wp-content\/uploads\/2014\/11\/18-150x94.jpg 150w, https:\/\/archive.sana.sy\/es\/wp-content\/uploads\/2014\/11\/18.jpg 321w\" sizes=\"(max-width: 300px) 100vw, 300px\" \/><\/a><\/p>\n<p style=\"text-align: justify\">Ayub congratul\u00f3 el hero\u00edsmo y el sacrificio de los hombres del Ej\u00e9rcito Sirio y la defensa Popular para salvar la regi\u00f3n de los terroristas y de los enemigos del pueblo y la patria, as\u00ed como dio sus orientaciones a los combatientes, confirmando la importancia de las santas tareas nacionales que est\u00e1n llevando a cabo en defensa de la patria.<\/p>\n<p style=\"text-align: justify\">Por su parte, los combatientes confirmaron su permanente disposici\u00f3n a personificar la voluntad de la patria hasta lograr la victoria final.<\/p>\n<p style=\"text-align: justify\"><span style=\"color: #0000ff\">Ghifar Al Ali &amp; Riyad Sh.<br \/>\n<\/span><\/p>\n","protected":false},"excerpt":{"rendered":"<p>Homs, SANA El general Ali Abdullah Ayub,\u00a0 Jefe Mayor del Estado General del Ej\u00e9rcito y de las Fuerzas Armadas, en compa\u00f1\u00eda de unos oficiales del Mando General, ha llevado a cabo una visita de campo a las fuerza que operan en la Monta\u00f1a de Al-Shaer en la campi\u00f1a este de Homs, donde escuch\u00f3 una explicaci\u00f3n &hellip;<\/p>\n","protected":false},"author":1,"featured_media":12614,"comment_status":"closed","ping_status":"closed","sticky":false,"template":"","format":"standard","meta":{"footnotes":""},"categories":[477,476],"tags":[2853],"class_list":["post-12613","post","type-post","status-publish","format-standard","has-post-thumbnail","","category-noticias-edulcorantes","category-locales","tag-general-ayub-visita-las-fuerzas-que-operan-en-la-montana-al-shaer-y-confirma-la-importancia-de-su-papel-en-la-defensa-de-la-patria"],"_links":{"self":[{"href":"https:\/\/archive.sana.sy\/es\/index.php?rest_route=\/wp\/v2\/posts\/12613"}],"collection":[{"href":"https:\/\/archive.sana.sy\/es\/index.php?rest_route=\/wp\/v2\/posts"}],"about":[{"href":"https:\/\/archive.sana.sy\/es\/index.php?rest_route=\/wp\/v2\/types\/post"}],"author":[{"embeddable":true,"href":"https:\/\/archive.sana.sy\/es\/index.php?rest_route=\/wp\/v2\/users\/1"}],"replies":[{"embeddable":true,"href":"https:\/\/archive.sana.sy\/es\/index.php?rest_route=%2Fwp%2Fv2%2Fcomments&post=12613"}],"version-history":[{"count":0,"href":"https:\/\/archive.sana.sy\/es\/index.php?rest_route=\/wp\/v2\/posts\/12613\/revisions"}],"wp:featuredmedia":[{"embeddable":true,"href":"https:\/\/archive.sana.sy\/es\/index.php?rest_route=\/wp\/v2\/media\/12614"}],"wp:attachment":[{"href":"https:\/\/archive.sana.sy\/es\/index.php?rest_route=%2Fwp%2Fv2%2Fmedia&parent=12613"}],"wp:term":[{"taxonomy":"category","embeddable":true,"href":"https:\/\/archive.sana.sy\/es\/index.php?rest_route=%2Fwp%2Fv2%2Fcategories&post=12613"},{"taxonomy":"post_tag","embeddable":true,"href":"https:\/\/archive.sana.sy\/es\/index.php?rest_route=%2Fwp%2Fv2%2Ftags&post=12613"}],"curies":[{"name":"wp","href":"https:\/\/api.w.org\/{rel}","templated":true}]}}