{"id":12617,"date":"2014-11-15T21:13:10","date_gmt":"2014-11-15T19:13:10","guid":{"rendered":"http:\/\/www.sana.sy\/es\/?p=12617"},"modified":"2023-01-10T15:29:14","modified_gmt":"2023-01-10T13:29:14","slug":"cuarenta-empresas-nacionales-en-la-primera-exposicion-para-la-reconstruccion-de-siria","status":"publish","type":"post","link":"https:\/\/archive.sana.sy\/es\/?p=12617","title":{"rendered":"Cuarenta empresas nacionales en la primera exposici\u00f3n para la reconstrucci\u00f3n de Siria"},"content":{"rendered":"<p style=\"text-align: justify\"><span style=\"color: #800000\">Damasco, SANA<\/span><\/p>\n<p style=\"text-align: justify\">La Asociaci\u00f3n Internacional Siria de Marketing (SIMA), organiza la primera exposici\u00f3n para la reconstrucci\u00f3n de Siria, titulada \u201clos sirios construyen Siria\u201d, en cooperaci\u00f3n con el Ministerio de Obras P\u00fablicas, y bajo apoyo de la Uni\u00f3n siria de C\u00e1maras de Econom\u00eda y Comercio, con la participaci\u00f3n de cuarenta empresas nacionales; el evento tendr\u00e1 lugar el 24 del mes en curso y durar\u00e1 tres d\u00edas en el Hotel Dama Rose en Damasco.<\/p>\n<p style=\"text-align: justify\">El director general de SIMA, Mwafak Tayara, afirm\u00f3 en una declaraci\u00f3n la intensi\u00f3n de la Asociaci\u00f3n por medio de la exposici\u00f3n para contribuir en pintar estrat\u00e9gicos rostros de la siguiente etapa y la preparaci\u00f3n para el proceso de la reconstrucci\u00f3n, as\u00ed como para que sea la exposici\u00f3n un lugar de encuentro de los recursos nacionales e internacionales para los servicios de las obras de construcci\u00f3n, adem\u00e1s para atraer las modernas tecnolog\u00edas.<\/p>\n<p style=\"text-align: justify\"><span style=\"color: #0000ff\">Ghifar Al Ali &amp; Riyad Sh.<\/span><\/p>\n","protected":false},"excerpt":{"rendered":"<p>Damasco, SANA La Asociaci\u00f3n Internacional Siria de Marketing (SIMA), organiza la primera exposici\u00f3n para la reconstrucci\u00f3n de Siria, titulada \u201clos sirios construyen Siria\u201d, en cooperaci\u00f3n con el Ministerio de Obras P\u00fablicas, y bajo apoyo de la Uni\u00f3n siria de C\u00e1maras de Econom\u00eda y Comercio, con la participaci\u00f3n de cuarenta empresas nacionales; el evento tendr\u00e1 lugar &hellip;<\/p>\n","protected":false},"author":1,"featured_media":12618,"comment_status":"closed","ping_status":"closed","sticky":false,"template":"","format":"standard","meta":{"footnotes":""},"categories":[447,485],"tags":[2851],"class_list":["post-12617","post","type-post","status-publish","format-standard","has-post-thumbnail","","category-local-politica","category-informes-negocios-y-finanzas","tag-cuarenta-empresas-nacionales-en-la-primera-exposicion-para-la-reconstruccion-de-siria"],"_links":{"self":[{"href":"https:\/\/archive.sana.sy\/es\/index.php?rest_route=\/wp\/v2\/posts\/12617"}],"collection":[{"href":"https:\/\/archive.sana.sy\/es\/index.php?rest_route=\/wp\/v2\/posts"}],"about":[{"href":"https:\/\/archive.sana.sy\/es\/index.php?rest_route=\/wp\/v2\/types\/post"}],"author":[{"embeddable":true,"href":"https:\/\/archive.sana.sy\/es\/index.php?rest_route=\/wp\/v2\/users\/1"}],"replies":[{"embeddable":true,"href":"https:\/\/archive.sana.sy\/es\/index.php?rest_route=%2Fwp%2Fv2%2Fcomments&post=12617"}],"version-history":[{"count":0,"href":"https:\/\/archive.sana.sy\/es\/index.php?rest_route=\/wp\/v2\/posts\/12617\/revisions"}],"wp:featuredmedia":[{"embeddable":true,"href":"https:\/\/archive.sana.sy\/es\/index.php?rest_route=\/wp\/v2\/media\/12618"}],"wp:attachment":[{"href":"https:\/\/archive.sana.sy\/es\/index.php?rest_route=%2Fwp%2Fv2%2Fmedia&parent=12617"}],"wp:term":[{"taxonomy":"category","embeddable":true,"href":"https:\/\/archive.sana.sy\/es\/index.php?rest_route=%2Fwp%2Fv2%2Fcategories&post=12617"},{"taxonomy":"post_tag","embeddable":true,"href":"https:\/\/archive.sana.sy\/es\/index.php?rest_route=%2Fwp%2Fv2%2Ftags&post=12617"}],"curies":[{"name":"wp","href":"https:\/\/api.w.org\/{rel}","templated":true}]}}