{"id":126189,"date":"2020-01-06T18:25:35","date_gmt":"2020-01-06T16:25:35","guid":{"rendered":"http:\/\/sana.sy\/es\/?p=126189"},"modified":"2020-01-06T21:14:12","modified_gmt":"2020-01-06T19:14:12","slug":"delegados-de-13-paises-participan-en-la-conferencia-de-la-union-de-educadores-arabes-en-damasco","status":"publish","type":"post","link":"https:\/\/archive.sana.sy\/es\/?p=126189","title":{"rendered":"Delegados de 13 pa\u00edses participan en la Conferencia de la Uni\u00f3n de Educadores \u00c1rabes en Damasco"},"content":{"rendered":"<div>\n<p style=\"text-align: justify\"><span lang=\"ES-TRAD\" style=\"color: #800000\">Damasco, SANA<\/span><\/p>\n<p style=\"text-align: justify\"><span lang=\"ES-TRAD\">Bajo auspicios del presidente Bashar al-Assad, arrancaron en esta capital, las reuniones de la vig\u00e9sima Conferencia General de la Uni\u00f3n \u00c1rabe de Educadores.<\/span><\/p>\n<p>El representante del patrocinador, Hilal Hilal, Secretario General Adjuno del Partido Baath \u00c1rabe Socialista, dijo en una palabra pronunciada que \u00a8el camino correcto para defender la identidad nacionalista es la firmeza y la resistencia\u00b4.<\/p>\n<p>Se\u00f1al\u00f3 que Damasco acogi\u00f3 y siempre acoger\u00e1 la resistencia y que el maestro es la persona cualificada para transmitir el enfoque y la cultura d la resistencia.<\/p>\n<p style=\"text-align: justify\"><span lang=\"ES-TRAD\">El evento en el que participan delegaciones de 13 pa\u00edses \u00e1rabes, se celebra bajo el lema: la firmeza y la resistencia fortifican el rol de los maestros \u00e1rabes en la protecci\u00f3n de la identidad nacional para enfrentar los desaf\u00edos hasta la liberaci\u00f3n y la victoria&#8221;.<\/span><\/p>\n<p style=\"text-align: justify\"><span lang=\"ES-TRAD\">Los participantes discutir\u00e1n durante tres d\u00edas, la realidad del proceso docente educativo en el mundo \u00e1rabe y las formas de desarrollarlo y superar sus dificultades.<\/span><\/p>\n<p style=\"text-align: justify\"><span lang=\"ES-TRAD\">Tambi\u00e9n, abordar\u00e1n las relaciones de cooperaci\u00f3n entre los miembros de la Uni\u00f3n y la elecci\u00f3n de una nueva secretar\u00eda general.<\/span><\/p>\n<p style=\"text-align: justify\"><span lang=\"ES-TRAD\">Al margen de la Conferencia, se efectuar\u00e1 una campa\u00f1a de forestaci\u00f3n y se reabrir\u00e1 el centro m\u00e9dico Bunat Al-Ajyal en el vecindario Mezzeh, adem\u00e1s de la proyectar documentales.<\/span><\/p>\n<p style=\"text-align: justify\"><span style=\"color: #0000ff\">F.M\/W.S-Y.K.<\/span><\/p>\n<\/div>\n<div class=\"yj6qo\" style=\"text-align: justify\"><\/div>\n<div class=\"adL\" style=\"text-align: justify\"><\/div>\n","protected":false},"excerpt":{"rendered":"<p>Damasco, SANA Bajo auspicios del presidente Bashar al-Assad, arrancaron en esta capital, las reuniones de la vig\u00e9sima Conferencia General de la Uni\u00f3n \u00c1rabe de Educadores. El representante del patrocinador, Hilal Hilal, Secretario General Adjuno del Partido Baath \u00c1rabe Socialista, dijo en una palabra pronunciada que \u00a8el camino correcto para defender la identidad nacionalista es la &hellip;<\/p>\n","protected":false},"author":35,"featured_media":126198,"comment_status":"closed","ping_status":"closed","sticky":false,"template":"","format":"standard","meta":{"footnotes":""},"categories":[597,476,7541],"tags":[],"class_list":["post-126189","post","type-post","status-publish","format-standard","has-post-thumbnail","","category-cinta-de-noticias","category-locales","category-ultimas-noticias"],"_links":{"self":[{"href":"https:\/\/archive.sana.sy\/es\/index.php?rest_route=\/wp\/v2\/posts\/126189"}],"collection":[{"href":"https:\/\/archive.sana.sy\/es\/index.php?rest_route=\/wp\/v2\/posts"}],"about":[{"href":"https:\/\/archive.sana.sy\/es\/index.php?rest_route=\/wp\/v2\/types\/post"}],"author":[{"embeddable":true,"href":"https:\/\/archive.sana.sy\/es\/index.php?rest_route=\/wp\/v2\/users\/35"}],"replies":[{"embeddable":true,"href":"https:\/\/archive.sana.sy\/es\/index.php?rest_route=%2Fwp%2Fv2%2Fcomments&post=126189"}],"version-history":[{"count":0,"href":"https:\/\/archive.sana.sy\/es\/index.php?rest_route=\/wp\/v2\/posts\/126189\/revisions"}],"wp:featuredmedia":[{"embeddable":true,"href":"https:\/\/archive.sana.sy\/es\/index.php?rest_route=\/wp\/v2\/media\/126198"}],"wp:attachment":[{"href":"https:\/\/archive.sana.sy\/es\/index.php?rest_route=%2Fwp%2Fv2%2Fmedia&parent=126189"}],"wp:term":[{"taxonomy":"category","embeddable":true,"href":"https:\/\/archive.sana.sy\/es\/index.php?rest_route=%2Fwp%2Fv2%2Fcategories&post=126189"},{"taxonomy":"post_tag","embeddable":true,"href":"https:\/\/archive.sana.sy\/es\/index.php?rest_route=%2Fwp%2Fv2%2Ftags&post=126189"}],"curies":[{"name":"wp","href":"https:\/\/api.w.org\/{rel}","templated":true}]}}