{"id":126247,"date":"2020-01-06T13:54:03","date_gmt":"2020-01-06T11:54:03","guid":{"rendered":"http:\/\/sana.sy\/es\/?p=126247"},"modified":"2023-01-10T15:15:27","modified_gmt":"2023-01-10T13:15:27","slug":"los-aviones-de-la-aerolinea-libia-ya-pueden-usar-el-espacio-aereo-sirio","status":"publish","type":"post","link":"https:\/\/archive.sana.sy\/es\/?p=126247","title":{"rendered":"Los aviones de la Aerol\u00ednea Libia ya pueden usar el espacio a\u00e9reo sirio"},"content":{"rendered":"<p style=\"text-align: justify;\"><strong><span style=\"color: #800000;\">Damasco, SANA<\/span><\/strong><\/p>\n<p style=\"text-align: justify;\">El Ministerio de Transporte de Siria anunci\u00f3 este lunes, que autoriz\u00f3 los aviones de la Aerol\u00ednea libia para usar el espacio a\u00e9reo sirio.<\/p>\n<p style=\"text-align: justify;\">Explic\u00f3 en su comunicado que la aprobaci\u00f3n responde a una solicitud formulada por la Autoridad de la Aviaci\u00f3n Civil de Libia a la Empresa de Aviaci\u00f3n Civil de Siria.<\/p>\n<p style=\"text-align: justify;\">El Ministerio aclar\u00f3 que en este tema se aplic\u00f3 el principio de reciprocidad, ya que Libia permiti\u00f3 a la Aerol\u00ednea siria usar el espacio a\u00e9reo libio.<\/p>\n<p style=\"text-align: justify;\">Seg\u00fan el comunicado, esta autorizaci\u00f3n lograr\u00eda ingresos adicionales para Siria.<\/p>\n<p style=\"text-align: justify;\"><strong><span style=\"color: #0000ff;\">R.R\/F.M<\/span><\/strong><\/p>\n","protected":false},"excerpt":{"rendered":"<p>Damasco, SANA El Ministerio de Transporte de Siria anunci\u00f3 este lunes, que autoriz\u00f3 los aviones de la Aerol\u00ednea libia para usar el espacio a\u00e9reo sirio. Explic\u00f3 en su comunicado que la aprobaci\u00f3n responde a una solicitud formulada por la Autoridad de la Aviaci\u00f3n Civil de Libia a la Empresa de Aviaci\u00f3n Civil de Siria. El &hellip;<\/p>\n","protected":false},"author":34,"featured_media":126248,"comment_status":"closed","ping_status":"closed","sticky":false,"template":"","format":"standard","meta":{"footnotes":""},"categories":[447,597,16686,485,476,7541],"tags":[],"class_list":["post-126247","post","type-post","status-publish","format-standard","has-post-thumbnail","","category-local-politica","category-cinta-de-noticias","category-economia","category-informes-negocios-y-finanzas","category-locales","category-ultimas-noticias"],"_links":{"self":[{"href":"https:\/\/archive.sana.sy\/es\/index.php?rest_route=\/wp\/v2\/posts\/126247"}],"collection":[{"href":"https:\/\/archive.sana.sy\/es\/index.php?rest_route=\/wp\/v2\/posts"}],"about":[{"href":"https:\/\/archive.sana.sy\/es\/index.php?rest_route=\/wp\/v2\/types\/post"}],"author":[{"embeddable":true,"href":"https:\/\/archive.sana.sy\/es\/index.php?rest_route=\/wp\/v2\/users\/34"}],"replies":[{"embeddable":true,"href":"https:\/\/archive.sana.sy\/es\/index.php?rest_route=%2Fwp%2Fv2%2Fcomments&post=126247"}],"version-history":[{"count":0,"href":"https:\/\/archive.sana.sy\/es\/index.php?rest_route=\/wp\/v2\/posts\/126247\/revisions"}],"wp:featuredmedia":[{"embeddable":true,"href":"https:\/\/archive.sana.sy\/es\/index.php?rest_route=\/wp\/v2\/media\/126248"}],"wp:attachment":[{"href":"https:\/\/archive.sana.sy\/es\/index.php?rest_route=%2Fwp%2Fv2%2Fmedia&parent=126247"}],"wp:term":[{"taxonomy":"category","embeddable":true,"href":"https:\/\/archive.sana.sy\/es\/index.php?rest_route=%2Fwp%2Fv2%2Fcategories&post=126247"},{"taxonomy":"post_tag","embeddable":true,"href":"https:\/\/archive.sana.sy\/es\/index.php?rest_route=%2Fwp%2Fv2%2Ftags&post=126247"}],"curies":[{"name":"wp","href":"https:\/\/api.w.org\/{rel}","templated":true}]}}