{"id":12628,"date":"2014-11-16T11:26:44","date_gmt":"2014-11-16T09:26:44","guid":{"rendered":"http:\/\/www.sana.sy\/es\/?p=12628"},"modified":"2014-11-16T11:26:44","modified_gmt":"2014-11-16T09:26:44","slug":"el-ocupante-israeli-ingresa-en-sus-hospitales-a-dos-terroristas-heridos-en-siria","status":"publish","type":"post","link":"https:\/\/archive.sana.sy\/es\/?p=12628","title":{"rendered":"El ocupante israel\u00ed ingresa en sus hospitales a dos terroristas heridos en Siria"},"content":{"rendered":"<div><span lang=\"ES-TRAD\" style=\"color: #ff0000\">Jerusal\u00e9n, SANA<\/span><\/div>\n<div><span lang=\"ES-TRAD\">\u00a0<\/span><\/div>\n<div><span lang=\"ES-TRAD\">Como parte del apoyo proporcionado por las autoridades de ocupaci\u00f3n israel\u00edes a las organizaciones terroristas armadas en Siria, el ocupante israel\u00ed ingres\u00f3 en uno de sus hospitales a dos terroristas heridos.<\/span><\/div>\n<div><span lang=\"ES-TRAD\">\u00a0<\/span><\/div>\n<div><span lang=\"ES-TRAD\">Un sitio Web israel\u00ed inform\u00f3 que &#8220;el ej\u00e9rcito israel\u00ed ingres\u00f3 a dos heridos sirios en el Hospital de Poria en Tiber\u00edades, indicando que el hospital ofreci\u00f3 tratamiento a 121 heridos hasta el momento.<\/span><\/div>\n<div><span lang=\"ES-TRAD\">\u00a0<\/span><\/div>\n<div><span lang=\"ES-TRAD\">Cabe resaltar que el ocupante israel\u00ed ha dedicado varios hospitales a los terroristas heridos de la organizaciones terroristas en Siria y proporciona ayuda militar y de inteligencia a estas organizaciones, en una clara violaci\u00f3n de la Convenci\u00f3n sobre la Separaci\u00f3n de las Fuerzas y de las resoluciones del Consejo de Seguridad sobre la lucha contra el terrorismo, en particular la reciente resoluci\u00f3n No. 2170.<\/span><\/div>\n<div><\/div>\n<div><span style=\"color: #00ccff\">Fady M., Hala B.<\/span><\/div>\n<div class=\"yj6qo ajU\">\n<div id=\":12l\" class=\"ajR\"><img decoding=\"async\" class=\"ajT\" src=\"https:\/\/ssl.gstatic.com\/ui\/v1\/icons\/mail\/images\/cleardot.gif\" alt=\"\" \/><\/div>\n<\/div>\n","protected":false},"excerpt":{"rendered":"<p>Jerusal\u00e9n, SANA \u00a0 Como parte del apoyo proporcionado por las autoridades de ocupaci\u00f3n israel\u00edes a las organizaciones terroristas armadas en Siria, el ocupante israel\u00ed ingres\u00f3 en uno de sus hospitales a dos terroristas heridos. \u00a0 Un sitio Web israel\u00ed inform\u00f3 que &#8220;el ej\u00e9rcito israel\u00ed ingres\u00f3 a dos heridos sirios en el Hospital de Poria en &hellip;<\/p>\n","protected":false},"author":1,"featured_media":12629,"comment_status":"closed","ping_status":"closed","sticky":false,"template":"","format":"standard","meta":{"footnotes":""},"categories":[597,456],"tags":[2854],"class_list":["post-12628","post","type-post","status-publish","format-standard","has-post-thumbnail","","category-cinta-de-noticias","category-arabe-internacional-politica","tag-el-ocupante-israeli-ingresa-en-sus-hospitales-a-dos-terroristas-heridos-en-siria"],"_links":{"self":[{"href":"https:\/\/archive.sana.sy\/es\/index.php?rest_route=\/wp\/v2\/posts\/12628"}],"collection":[{"href":"https:\/\/archive.sana.sy\/es\/index.php?rest_route=\/wp\/v2\/posts"}],"about":[{"href":"https:\/\/archive.sana.sy\/es\/index.php?rest_route=\/wp\/v2\/types\/post"}],"author":[{"embeddable":true,"href":"https:\/\/archive.sana.sy\/es\/index.php?rest_route=\/wp\/v2\/users\/1"}],"replies":[{"embeddable":true,"href":"https:\/\/archive.sana.sy\/es\/index.php?rest_route=%2Fwp%2Fv2%2Fcomments&post=12628"}],"version-history":[{"count":0,"href":"https:\/\/archive.sana.sy\/es\/index.php?rest_route=\/wp\/v2\/posts\/12628\/revisions"}],"wp:featuredmedia":[{"embeddable":true,"href":"https:\/\/archive.sana.sy\/es\/index.php?rest_route=\/wp\/v2\/media\/12629"}],"wp:attachment":[{"href":"https:\/\/archive.sana.sy\/es\/index.php?rest_route=%2Fwp%2Fv2%2Fmedia&parent=12628"}],"wp:term":[{"taxonomy":"category","embeddable":true,"href":"https:\/\/archive.sana.sy\/es\/index.php?rest_route=%2Fwp%2Fv2%2Fcategories&post=12628"},{"taxonomy":"post_tag","embeddable":true,"href":"https:\/\/archive.sana.sy\/es\/index.php?rest_route=%2Fwp%2Fv2%2Ftags&post=12628"}],"curies":[{"name":"wp","href":"https:\/\/api.w.org\/{rel}","templated":true}]}}