{"id":12631,"date":"2014-11-16T12:28:14","date_gmt":"2014-11-16T10:28:14","guid":{"rendered":"http:\/\/www.sana.sy\/es\/?p=12631"},"modified":"2014-11-16T12:28:14","modified_gmt":"2014-11-16T10:28:14","slug":"estudiantes-sirios-en-cuba-reiteran-su-denuncia-al-terrorismo-y-su-apoyo-al-ejercito-sirio","status":"publish","type":"post","link":"https:\/\/archive.sana.sy\/es\/?p=12631","title":{"rendered":"Estudiantes sirios en Cuba reiteran su denuncia al terrorismo y su apoyo al ej\u00e9rcito sirio"},"content":{"rendered":"<div>La Habana, SANA<\/div>\n<div><\/div>\n<div><span lang=\"ES-TRAD\">Los estudiantes sirios en Cuba han expresado su rechazo al terrorismo que sufre la patria Siria, y afirmaron su apoyo al Estado sirio y al ej\u00e9rcito nacional que lucha contra el terrorismo en cada zona del territorio sirio.<\/span><\/div>\n<div><\/div>\n<div><span lang=\"ES-TRAD\">Los estudiantes de la comunidad siria en Cuba reiteraron su disposici\u00f3n de seguir trabajando para mostrar la verdad de los acontecimientos en Siria, a trav\u00e9s de la organizaci\u00f3n de actividades y seminarios en las universidades donde cursan estudios.<\/span><\/div>\n<div><\/div>\n<div><span lang=\"ES-TRAD\">De igual manera, los estudiantes sirio en Hungr\u00eda y Eslovaquia conmemoraron el 44\u00ba aniversario del Movimiento de Rectificaci\u00f3n que fue liderado por el eterno l\u00edder Hafez Al-Assad, y aseguraron que el mismo constituye una transformaci\u00f3n cualitativa e hist\u00f3rica en Siria.<\/span><\/div>\n<div><\/div>\n<div><span style=\"color: #00ccff\">Hala B, Fady M.<\/span><\/div>\n","protected":false},"excerpt":{"rendered":"<p>La Habana, SANA Los estudiantes sirios en Cuba han expresado su rechazo al terrorismo que sufre la patria Siria, y afirmaron su apoyo al Estado sirio y al ej\u00e9rcito nacional que lucha contra el terrorismo en cada zona del territorio sirio. Los estudiantes de la comunidad siria en Cuba reiteraron su disposici\u00f3n de seguir trabajando &hellip;<\/p>\n","protected":false},"author":1,"featured_media":12632,"comment_status":"closed","ping_status":"closed","sticky":false,"template":"","format":"standard","meta":{"footnotes":""},"categories":[456],"tags":[2855],"class_list":["post-12631","post","type-post","status-publish","format-standard","has-post-thumbnail","","category-arabe-internacional-politica","tag-estudiantes-sirios-en-cuba-reiteran-su-denuncia-al-terrorismo-y-su-apoyo-al-ejercito-sirio"],"_links":{"self":[{"href":"https:\/\/archive.sana.sy\/es\/index.php?rest_route=\/wp\/v2\/posts\/12631"}],"collection":[{"href":"https:\/\/archive.sana.sy\/es\/index.php?rest_route=\/wp\/v2\/posts"}],"about":[{"href":"https:\/\/archive.sana.sy\/es\/index.php?rest_route=\/wp\/v2\/types\/post"}],"author":[{"embeddable":true,"href":"https:\/\/archive.sana.sy\/es\/index.php?rest_route=\/wp\/v2\/users\/1"}],"replies":[{"embeddable":true,"href":"https:\/\/archive.sana.sy\/es\/index.php?rest_route=%2Fwp%2Fv2%2Fcomments&post=12631"}],"version-history":[{"count":0,"href":"https:\/\/archive.sana.sy\/es\/index.php?rest_route=\/wp\/v2\/posts\/12631\/revisions"}],"wp:featuredmedia":[{"embeddable":true,"href":"https:\/\/archive.sana.sy\/es\/index.php?rest_route=\/wp\/v2\/media\/12632"}],"wp:attachment":[{"href":"https:\/\/archive.sana.sy\/es\/index.php?rest_route=%2Fwp%2Fv2%2Fmedia&parent=12631"}],"wp:term":[{"taxonomy":"category","embeddable":true,"href":"https:\/\/archive.sana.sy\/es\/index.php?rest_route=%2Fwp%2Fv2%2Fcategories&post=12631"},{"taxonomy":"post_tag","embeddable":true,"href":"https:\/\/archive.sana.sy\/es\/index.php?rest_route=%2Fwp%2Fv2%2Ftags&post=12631"}],"curies":[{"name":"wp","href":"https:\/\/api.w.org\/{rel}","templated":true}]}}