{"id":12634,"date":"2014-11-16T12:46:17","date_gmt":"2014-11-16T10:46:17","guid":{"rendered":"http:\/\/www.sana.sy\/es\/?p=12634"},"modified":"2014-11-16T18:55:19","modified_gmt":"2014-11-16T16:55:19","slug":"civiles-resultan-lesionados-en-ataques-terroristas-con-morteros-en-damasco-campo","status":"publish","type":"post","link":"https:\/\/archive.sana.sy\/es\/?p=12634","title":{"rendered":"Civiles resultan lesionados en ataques terroristas con morteros en Damasco-campo"},"content":{"rendered":"<div><span lang=\"ES\" style=\"color: #ff0000\">Damasco-SANA<\/span><\/div>\n<div><\/div>\n<div><span lang=\"ES\">Una mujer y su hija resultaron heridas por ataques terroristas con proyectiles de mortero contra el campamento del al-Wafideen en Damasco-campo.<\/span><\/div>\n<div><\/div>\n<div>Una fuente policial inform\u00f3 que el impacto de un ob\u00fas de mortero disparado por terroristas caus\u00f3 heridas a una mujer y a su hija, as\u00ed como provoc\u00f3 da\u00f1os materiales en la casa donde cay\u00f3.<\/div>\n<div><\/div>\n<div>En el mismo contexto, una mujer result\u00f3 herida por ataques con mortero en la calle de Bagdad en Damasco. As\u00ed como el atentado terrorista dej\u00f3 da\u00f1os materiales en varias casas y veh\u00edculos.<\/div>\n<div><\/div>\n<div><span style=\"color: #00ccff\">Hala B., Fady M.<\/span><\/div>\n<div class=\"yj6qo ajU\">\n<div id=\":12n\" class=\"ajR\"><img decoding=\"async\" class=\"ajT\" src=\"https:\/\/ssl.gstatic.com\/ui\/v1\/icons\/mail\/images\/cleardot.gif\" alt=\"\" \/><\/div>\n<\/div>\n","protected":false},"excerpt":{"rendered":"<p>Damasco-SANA Una mujer y su hija resultaron heridas por ataques terroristas con proyectiles de mortero contra el campamento del al-Wafideen en Damasco-campo. Una fuente policial inform\u00f3 que el impacto de un ob\u00fas de mortero disparado por terroristas caus\u00f3 heridas a una mujer y a su hija, as\u00ed como provoc\u00f3 da\u00f1os materiales en la casa donde &hellip;<\/p>\n","protected":false},"author":1,"featured_media":12529,"comment_status":"closed","ping_status":"closed","sticky":false,"template":"","format":"standard","meta":{"footnotes":""},"categories":[573,476],"tags":[2856],"class_list":["post-12634","post","type-post","status-publish","format-standard","has-post-thumbnail","","category-la-realidad-de-los-acontecimientos-en-siria","category-locales","tag-civiles-resultan-lesionados-en-ataques-terroristas-con-morteros-en-damasco-campo"],"_links":{"self":[{"href":"https:\/\/archive.sana.sy\/es\/index.php?rest_route=\/wp\/v2\/posts\/12634"}],"collection":[{"href":"https:\/\/archive.sana.sy\/es\/index.php?rest_route=\/wp\/v2\/posts"}],"about":[{"href":"https:\/\/archive.sana.sy\/es\/index.php?rest_route=\/wp\/v2\/types\/post"}],"author":[{"embeddable":true,"href":"https:\/\/archive.sana.sy\/es\/index.php?rest_route=\/wp\/v2\/users\/1"}],"replies":[{"embeddable":true,"href":"https:\/\/archive.sana.sy\/es\/index.php?rest_route=%2Fwp%2Fv2%2Fcomments&post=12634"}],"version-history":[{"count":0,"href":"https:\/\/archive.sana.sy\/es\/index.php?rest_route=\/wp\/v2\/posts\/12634\/revisions"}],"wp:featuredmedia":[{"embeddable":true,"href":"https:\/\/archive.sana.sy\/es\/index.php?rest_route=\/wp\/v2\/media\/12529"}],"wp:attachment":[{"href":"https:\/\/archive.sana.sy\/es\/index.php?rest_route=%2Fwp%2Fv2%2Fmedia&parent=12634"}],"wp:term":[{"taxonomy":"category","embeddable":true,"href":"https:\/\/archive.sana.sy\/es\/index.php?rest_route=%2Fwp%2Fv2%2Fcategories&post=12634"},{"taxonomy":"post_tag","embeddable":true,"href":"https:\/\/archive.sana.sy\/es\/index.php?rest_route=%2Fwp%2Fv2%2Ftags&post=12634"}],"curies":[{"name":"wp","href":"https:\/\/api.w.org\/{rel}","templated":true}]}}