{"id":12642,"date":"2014-11-16T14:18:06","date_gmt":"2014-11-16T12:18:06","guid":{"rendered":"http:\/\/www.sana.sy\/es\/?p=12642"},"modified":"2014-11-16T14:18:06","modified_gmt":"2014-11-16T12:18:06","slug":"mueren-dos-ciudadanos-en-un-atentado-terrorista-en-hama","status":"publish","type":"post","link":"https:\/\/archive.sana.sy\/es\/?p=12642","title":{"rendered":"Mueren dos ciudadanos en un atentado terrorista en Hama"},"content":{"rendered":"<div><span lang=\"ES-TRAD\" style=\"color: #ff0000\">Hama, SANA<\/span><\/div>\n<div><span lang=\"ES-TRAD\">\u00a0<\/span><\/div>\n<div><span lang=\"ES-TRAD\">Dos ciudadanos perdieron la vida y otros dos resultaron heridos en un atentado terrorista con un artefacto explosivo improvisado, en la calle de Maghlieh en la ciudad de Hama.<\/span><\/div>\n<div><span lang=\"ES-TRAD\">\u00a0<\/span><\/div>\n<div><span lang=\"ES-TRAD\">Una fuente del Comando de Polic\u00eda de Hama inform\u00f3 que los terroristas detonaron un artefacto explosivo que colocaron debajo de un coche frente a la sede de Juventud Revolucionaria.<\/span><\/div>\n<div><span lang=\"ES-TRAD\">\u00a0<\/span><\/div>\n<div><span lang=\"ES-TRAD\">La explosi\u00f3n caus\u00f3 la muerte de dos civiles mientras otros dos resultaron gravemente heridos, adem\u00e1s de provocar la destrucci\u00f3n del coche y da\u00f1os materiales en las tiendas comerciales.<\/span><\/div>\n<div><\/div>\n<div><span style=\"color: #00ccff\">Fady M., Hala B.<\/span><\/div>\n","protected":false},"excerpt":{"rendered":"<p>Hama, SANA \u00a0 Dos ciudadanos perdieron la vida y otros dos resultaron heridos en un atentado terrorista con un artefacto explosivo improvisado, en la calle de Maghlieh en la ciudad de Hama. \u00a0 Una fuente del Comando de Polic\u00eda de Hama inform\u00f3 que los terroristas detonaron un artefacto explosivo que colocaron debajo de un coche &hellip;<\/p>\n","protected":false},"author":1,"featured_media":12643,"comment_status":"closed","ping_status":"closed","sticky":false,"template":"","format":"standard","meta":{"footnotes":""},"categories":[573,476],"tags":[2858],"class_list":["post-12642","post","type-post","status-publish","format-standard","has-post-thumbnail","","category-la-realidad-de-los-acontecimientos-en-siria","category-locales","tag-mueren-dos-ciudadanos-en-un-atentado-terrorista-en-hama"],"_links":{"self":[{"href":"https:\/\/archive.sana.sy\/es\/index.php?rest_route=\/wp\/v2\/posts\/12642"}],"collection":[{"href":"https:\/\/archive.sana.sy\/es\/index.php?rest_route=\/wp\/v2\/posts"}],"about":[{"href":"https:\/\/archive.sana.sy\/es\/index.php?rest_route=\/wp\/v2\/types\/post"}],"author":[{"embeddable":true,"href":"https:\/\/archive.sana.sy\/es\/index.php?rest_route=\/wp\/v2\/users\/1"}],"replies":[{"embeddable":true,"href":"https:\/\/archive.sana.sy\/es\/index.php?rest_route=%2Fwp%2Fv2%2Fcomments&post=12642"}],"version-history":[{"count":0,"href":"https:\/\/archive.sana.sy\/es\/index.php?rest_route=\/wp\/v2\/posts\/12642\/revisions"}],"wp:featuredmedia":[{"embeddable":true,"href":"https:\/\/archive.sana.sy\/es\/index.php?rest_route=\/wp\/v2\/media\/12643"}],"wp:attachment":[{"href":"https:\/\/archive.sana.sy\/es\/index.php?rest_route=%2Fwp%2Fv2%2Fmedia&parent=12642"}],"wp:term":[{"taxonomy":"category","embeddable":true,"href":"https:\/\/archive.sana.sy\/es\/index.php?rest_route=%2Fwp%2Fv2%2Fcategories&post=12642"},{"taxonomy":"post_tag","embeddable":true,"href":"https:\/\/archive.sana.sy\/es\/index.php?rest_route=%2Fwp%2Fv2%2Ftags&post=12642"}],"curies":[{"name":"wp","href":"https:\/\/api.w.org\/{rel}","templated":true}]}}