{"id":126510,"date":"2020-01-08T15:50:29","date_gmt":"2020-01-08T13:50:29","guid":{"rendered":"http:\/\/sana.sy\/es\/?p=126510"},"modified":"2020-01-08T16:07:50","modified_gmt":"2020-01-08T14:07:50","slug":"masiva-manifestacion-en-homs-en-condena-al-crimen-estadounidense-de-asesinar-al-general-soleimani-fotos","status":"publish","type":"post","link":"https:\/\/archive.sana.sy\/es\/?p=126510","title":{"rendered":"Masiva manifestaci\u00f3n en Homs en condena al crimen estadounidense de asesinar al general Soleimani. (Fotos)"},"content":{"rendered":"<p style=\"text-align: justify;\"><strong><span style=\"color: #800000;\">Homs, SANA<\/span><\/strong><\/p>\n<p style=\"text-align: justify;\">La emblem\u00e1tica plaza del Nuevo Reloj de la ciudad de Homs en el centro de Siria, fue escenario de una masiva manifestaci\u00f3n en condena al crimen perpetrado por EE.UU cerca del aeropuerto de Bagdad y que llev\u00f3 al martirio del teniente general Qassem Soleimani, comandante de la Fuerza al-Quds, y de Abu Mahdi Al-Muhandes, Subcomandante de las Unidades de Movilizaci\u00f3n Popular de Irak, y otros resistentes.<\/p>\n<p style=\"text-align: justify;\"><strong><span style=\"color: #0000ff;\">E.D\/F.M<\/span><\/strong><\/p>\n<div id='gallery-1' class='gallery galleryid-126510 gallery-columns-1 gallery-size-full'><figure class='gallery-item'>\n\t\t\t<div class='gallery-icon landscape'>\n\t\t\t\t<a href='https:\/\/archive.sana.sy\/es\/wp-content\/uploads\/2020\/01\/12-28.jpg'><img loading=\"lazy\" decoding=\"async\" width=\"660\" height=\"392\" src=\"https:\/\/archive.sana.sy\/es\/wp-content\/uploads\/2020\/01\/12-28.jpg\" class=\"attachment-full size-full\" alt=\"\" srcset=\"https:\/\/archive.sana.sy\/es\/wp-content\/uploads\/2020\/01\/12-28.jpg 660w, https:\/\/archive.sana.sy\/es\/wp-content\/uploads\/2020\/01\/12-28-300x178.jpg 300w, https:\/\/archive.sana.sy\/es\/wp-content\/uploads\/2020\/01\/12-28-150x89.jpg 150w\" sizes=\"(max-width: 660px) 100vw, 660px\" \/><\/a>\n\t\t\t<\/div><\/figure><figure class='gallery-item'>\n\t\t\t<div class='gallery-icon landscape'>\n\t\t\t\t<a href='https:\/\/archive.sana.sy\/es\/wp-content\/uploads\/2020\/01\/13-23.jpg'><img loading=\"lazy\" decoding=\"async\" width=\"660\" height=\"426\" src=\"https:\/\/archive.sana.sy\/es\/wp-content\/uploads\/2020\/01\/13-23.jpg\" class=\"attachment-full size-full\" alt=\"\" srcset=\"https:\/\/archive.sana.sy\/es\/wp-content\/uploads\/2020\/01\/13-23.jpg 660w, https:\/\/archive.sana.sy\/es\/wp-content\/uploads\/2020\/01\/13-23-300x194.jpg 300w, https:\/\/archive.sana.sy\/es\/wp-content\/uploads\/2020\/01\/13-23-150x97.jpg 150w\" sizes=\"(max-width: 660px) 100vw, 660px\" \/><\/a>\n\t\t\t<\/div><\/figure><figure class='gallery-item'>\n\t\t\t<div class='gallery-icon landscape'>\n\t\t\t\t<a href='https:\/\/archive.sana.sy\/es\/wp-content\/uploads\/2020\/01\/14-19-150x150-2.jpg'><img loading=\"lazy\" decoding=\"async\" width=\"150\" height=\"150\" src=\"https:\/\/archive.sana.sy\/es\/wp-content\/uploads\/2020\/01\/14-19-150x150-2.jpg\" class=\"attachment-full size-full\" alt=\"\" \/><\/a>\n\t\t\t<\/div><\/figure><figure class='gallery-item'>\n\t\t\t<div class='gallery-icon landscape'>\n\t\t\t\t<a href='https:\/\/archive.sana.sy\/es\/wp-content\/uploads\/2020\/01\/14-21.jpg'><img loading=\"lazy\" decoding=\"async\" width=\"660\" height=\"401\" src=\"https:\/\/archive.sana.sy\/es\/wp-content\/uploads\/2020\/01\/14-21.jpg\" class=\"attachment-full size-full\" alt=\"\" srcset=\"https:\/\/archive.sana.sy\/es\/wp-content\/uploads\/2020\/01\/14-21.jpg 660w, https:\/\/archive.sana.sy\/es\/wp-content\/uploads\/2020\/01\/14-21-300x182.jpg 300w, https:\/\/archive.sana.sy\/es\/wp-content\/uploads\/2020\/01\/14-21-150x91.jpg 150w\" sizes=\"(max-width: 660px) 100vw, 660px\" \/><\/a>\n\t\t\t<\/div><\/figure><figure class='gallery-item'>\n\t\t\t<div class='gallery-icon landscape'>\n\t\t\t\t<a href='https:\/\/archive.sana.sy\/es\/wp-content\/uploads\/2020\/01\/15-19.jpg'><img loading=\"lazy\" decoding=\"async\" width=\"660\" height=\"455\" src=\"https:\/\/archive.sana.sy\/es\/wp-content\/uploads\/2020\/01\/15-19.jpg\" class=\"attachment-full size-full\" alt=\"\" srcset=\"https:\/\/archive.sana.sy\/es\/wp-content\/uploads\/2020\/01\/15-19.jpg 660w, https:\/\/archive.sana.sy\/es\/wp-content\/uploads\/2020\/01\/15-19-300x207.jpg 300w, https:\/\/archive.sana.sy\/es\/wp-content\/uploads\/2020\/01\/15-19-150x103.jpg 150w, https:\/\/archive.sana.sy\/es\/wp-content\/uploads\/2020\/01\/15-19-110x75.jpg 110w\" sizes=\"(max-width: 660px) 100vw, 660px\" \/><\/a>\n\t\t\t<\/div><\/figure>\n\t\t<\/div>\n\n","protected":false},"excerpt":{"rendered":"<p>Homs, SANA La emblem\u00e1tica plaza del Nuevo Reloj de la ciudad de Homs en el centro de Siria, fue escenario de una masiva manifestaci\u00f3n en condena al crimen perpetrado por EE.UU cerca del aeropuerto de Bagdad y que llev\u00f3 al martirio del teniente general Qassem Soleimani, comandante de la Fuerza al-Quds, y de Abu Mahdi &hellip;<\/p>\n","protected":false},"author":34,"featured_media":126513,"comment_status":"closed","ping_status":"closed","sticky":false,"template":"","format":"standard","meta":{"footnotes":""},"categories":[597,476,7541],"tags":[],"class_list":["post-126510","post","type-post","status-publish","format-standard","has-post-thumbnail","","category-cinta-de-noticias","category-locales","category-ultimas-noticias"],"_links":{"self":[{"href":"https:\/\/archive.sana.sy\/es\/index.php?rest_route=\/wp\/v2\/posts\/126510"}],"collection":[{"href":"https:\/\/archive.sana.sy\/es\/index.php?rest_route=\/wp\/v2\/posts"}],"about":[{"href":"https:\/\/archive.sana.sy\/es\/index.php?rest_route=\/wp\/v2\/types\/post"}],"author":[{"embeddable":true,"href":"https:\/\/archive.sana.sy\/es\/index.php?rest_route=\/wp\/v2\/users\/34"}],"replies":[{"embeddable":true,"href":"https:\/\/archive.sana.sy\/es\/index.php?rest_route=%2Fwp%2Fv2%2Fcomments&post=126510"}],"version-history":[{"count":0,"href":"https:\/\/archive.sana.sy\/es\/index.php?rest_route=\/wp\/v2\/posts\/126510\/revisions"}],"wp:featuredmedia":[{"embeddable":true,"href":"https:\/\/archive.sana.sy\/es\/index.php?rest_route=\/wp\/v2\/media\/126513"}],"wp:attachment":[{"href":"https:\/\/archive.sana.sy\/es\/index.php?rest_route=%2Fwp%2Fv2%2Fmedia&parent=126510"}],"wp:term":[{"taxonomy":"category","embeddable":true,"href":"https:\/\/archive.sana.sy\/es\/index.php?rest_route=%2Fwp%2Fv2%2Fcategories&post=126510"},{"taxonomy":"post_tag","embeddable":true,"href":"https:\/\/archive.sana.sy\/es\/index.php?rest_route=%2Fwp%2Fv2%2Ftags&post=126510"}],"curies":[{"name":"wp","href":"https:\/\/api.w.org\/{rel}","templated":true}]}}